{"id":96715,"date":"2023-03-01T10:04:20","date_gmt":"2023-03-01T15:04:20","guid":{"rendered":"https:\/\/www.contextosdigital.com\/?p=96715"},"modified":"2023-03-01T10:04:20","modified_gmt":"2023-03-01T15:04:20","slug":"inauguran-curso-de-baston-tradicional-y-madera-tallada-en-tizatlan","status":"publish","type":"post","link":"https:\/\/www.contextosdigital.com\/?p=96715","title":{"rendered":"Inauguran Curso de Bast\u00f3n Tradicional y Madera Tallada en Tizatl\u00e1n"},"content":{"rendered":"\n<p>Al inaugurar el curso &nbsp;\u201cCurso de Bast\u00f3n tradicional y madera tallada\u201d, en las instalaciones de la Presidencia de Comunidad de San Esteban Tizatl\u00e1n, el Presidente de Comunidad Carlos \u00c1vila, reconoci\u00f3 el apoyo del Lic. Sa\u00fal P\u00e9rez Bravo, Director de la Casa de Artesan\u00edas del Estado, a los regidores del H. Ayuntamiento de Tlaxcala, y sobre todo a la comisi\u00f3n de artesanos de comunidad, por todo el apoyo brindado para la realizaci\u00f3n del curso, mismo que permitir\u00e1 generar nuevos artesanos, guardianes de la centenaria tradici\u00f3n del tallado en madera.<\/p>\n\n\n\n<p>El curso totalmente gratuito, &nbsp;se impartir\u00e1 en las instalaciones de la Presidencia de Comunidad los d\u00edas lunes, mi\u00e9rcoles y viernes en un horario de 17:00 a 19:00 horas.<\/p>\n\n\n\n<p>Los requisitos son:<\/p>\n\n\n\n<ul class=\"wp-block-list\"><li>Credencial de elector<\/li><li>Carta responsiva firmada ante la comisi\u00f3n de artesanos<\/li><li>Disposici\u00f3n para asistir a todas las sesiones<\/li><li>Tener inter\u00e9s en el tallado de madera<\/li><li>&nbsp;<\/li><\/ul>\n\n\n\n<p>Finalmente el Presidente de comunidad indico: \u201cEstamos comprometidos en continuar preservando nuestras tradiciones e identidad como Tizatlences\u201d.<\/p>\n","protected":false},"excerpt":{"rendered":"<p>Al inaugurar el curso &nbsp;\u201cCurso de Bast\u00f3n tradicional y madera tallada\u201d, en las instalaciones de la Presidencia de Comunidad de San Esteban Tizatl\u00e1n, el Presidente de Comunidad Carlos \u00c1vila, reconoci\u00f3 el apoyo del Lic. Sa\u00fal P\u00e9rez Bravo, Director de la Casa de Artesan\u00edas del Estado, a los regidores del H. Ayuntamiento de Tlaxcala, y sobre [&hellip;]<\/p>\n","protected":false},"author":2,"featured_media":96716,"comment_status":"open","ping_status":"open","sticky":false,"template":"","format":"standard","meta":{"footnotes":""},"categories":[4],"tags":[],"class_list":["post-96715","post","type-post","status-publish","format-standard","has-post-thumbnail","hentry","category-local"],"_links":{"self":[{"href":"https:\/\/www.contextosdigital.com\/index.php?rest_route=\/wp\/v2\/posts\/96715","targetHints":{"allow":["GET"]}}],"collection":[{"href":"https:\/\/www.contextosdigital.com\/index.php?rest_route=\/wp\/v2\/posts"}],"about":[{"href":"https:\/\/www.contextosdigital.com\/index.php?rest_route=\/wp\/v2\/types\/post"}],"author":[{"embeddable":true,"href":"https:\/\/www.contextosdigital.com\/index.php?rest_route=\/wp\/v2\/users\/2"}],"replies":[{"embeddable":true,"href":"https:\/\/www.contextosdigital.com\/index.php?rest_route=%2Fwp%2Fv2%2Fcomments&post=96715"}],"version-history":[{"count":1,"href":"https:\/\/www.contextosdigital.com\/index.php?rest_route=\/wp\/v2\/posts\/96715\/revisions"}],"predecessor-version":[{"id":96717,"href":"https:\/\/www.contextosdigital.com\/index.php?rest_route=\/wp\/v2\/posts\/96715\/revisions\/96717"}],"wp:featuredmedia":[{"embeddable":true,"href":"https:\/\/www.contextosdigital.com\/index.php?rest_route=\/wp\/v2\/media\/96716"}],"wp:attachment":[{"href":"https:\/\/www.contextosdigital.com\/index.php?rest_route=%2Fwp%2Fv2%2Fmedia&parent=96715"}],"wp:term":[{"taxonomy":"category","embeddable":true,"href":"https:\/\/www.contextosdigital.com\/index.php?rest_route=%2Fwp%2Fv2%2Fcategories&post=96715"},{"taxonomy":"post_tag","embeddable":true,"href":"https:\/\/www.contextosdigital.com\/index.php?rest_route=%2Fwp%2Fv2%2Ftags&post=96715"}],"curies":[{"name":"wp","href":"https:\/\/api.w.org\/{rel}","templated":true}]}}