{"id":44291,"date":"2016-05-18T09:16:30","date_gmt":"2016-05-18T14:16:30","guid":{"rendered":"http:\/\/www.contextosdigital.com\/?p=44291"},"modified":"2016-05-18T09:16:30","modified_gmt":"2016-05-18T14:16:30","slug":"con-la-vision-de-futuro-de-marco-mena-ganara-tlaxcala-ivonne-ortega","status":"publish","type":"post","link":"https:\/\/www.contextosdigital.com\/?p=44291","title":{"rendered":"Con la visi\u00f3n de futuro de Marco Mena ganar\u00e1 Tlaxcala: Ivonne Ortega"},"content":{"rendered":"<p>Marco Mena, candidato al Gobierno del Estado, recibi\u00f3 todo el respaldo de la diputada federal priista, Ivonne Ortega, quien afirm\u00f3 que con visi\u00f3n de futuro y propuestas para la gente, el abanderado de la megacoalici\u00f3n vencer\u00e1 el cinco de junio y con \u00e9l ganar\u00e1 Tlaxcala.<\/p>\n<p>En un encuentro que tuvo lugar en la comunidad de Tizatl\u00e1n, en el municipio de Tlaxcala, la legisladora federal convoc\u00f3 a los simpatizantes y ciudadanos en general a no confiarse y a evitar la simulaci\u00f3n para consolidar el triunfo de Marco Mena.<\/p>\n<p>\u00abNo s\u00f3lo hay que ponerse la camiseta, hay que sudarla; que no quede un solo rinc\u00f3n de Tlaxcala sin que se escuche de nuestros candidatos\u201d, exhort\u00f3.<\/p>\n<p>Vaticin\u00f3 que este trabajo confirmar\u00e1 el triunfo de Marco Mena como Gobernador del Estado, y as\u00ed Tlaxcala tendr\u00e1 el futuro que merece, de mayores oportunidades para todas las familias.<\/p>\n<p>En este lugar, la ex gobernadora de Yucat\u00e1n tambi\u00e9n llam\u00f3 a respaldar a los candidatos a la presidencia municipal, Anabell \u00c1valos; a diputado local por el distrito VII, Enrique Padilla; y a presidente de comunidad, Alejandro Sarmiento, al igual que a todos los abanderados de la megacoalici\u00f3n.<\/p>\n<p>\u00abMarco requiere de todos ellos para que Tlaxcala pueda alcanzar ese futuro que plantea nuestro candidato\u00bb, a\u00f1adi\u00f3.<\/p>\n<p>A su vez, Marco Mena refrend\u00f3 su compromiso con las mujeres, a quienes respaldar\u00e1 para que puedan emprender proyectos productivos, para cuidar su salud y para brindar mejores condiciones a sus familias.<\/p>\n<p>\u00abPor eso ganaremos el cinco de junio, porque tenemos la causa m\u00e1s aut\u00e9ntica y noble que es que las familias, que todos sus integrantes, tengan m\u00e1s oportunidades\u00bb, recalc\u00f3.<\/p>\n<p>Previamente, en entrevista, Ivonne Ortega, sostuvo que Marco Mena registra un crecimiento permanente en la preferencia electoral. \u201cEl \u00faltimo jal\u00f3n, tras el debate, fue de siete puntos, y seguimos para arriba\u201d, recalc\u00f3.<\/p>\n<p>A\u00f1adi\u00f3 que las fortalezas que observa el PRI rumbo al cinco de junio son, por un lado, \u201cla estructura del partido que se ha mantenido leal y las sumas de liderazgos de otros partidos que se han registrado sistem\u00e1ticamente\u201d.<\/p>\n","protected":false},"excerpt":{"rendered":"<p>Marco Mena, candidato al Gobierno del Estado, recibi\u00f3 todo el respaldo de la diputada federal priista, Ivonne Ortega, quien afirm\u00f3 que con visi\u00f3n de futuro y propuestas para la gente, el abanderado de la megacoalici\u00f3n vencer\u00e1 el cinco de junio y con \u00e9l ganar\u00e1 Tlaxcala.<br \/>\nEn un encuentro que tuvo lugar en la comunidad de Tizatl\u00e1n, en el municipio de Tlaxcala, la legisladora federal convoc\u00f3 a los simpatizantes y ciudadanos en general a no confiarse y a evitar la simulaci\u00f3n para consolidar el triunfo de Marco Mena.<br \/>\n\u00abNo s\u00f3lo hay que ponerse la camiseta, hay que sudarla; que no quede un solo rinc\u00f3n de Tlaxcala sin que se escuche de nuestros candidatos\u201d, exhort\u00f3.<br \/>\nVaticin\u00f3 que este trabajo confirmar\u00e1 el triunfo de Marco Mena como Gobernador del Estado, y as\u00ed Tlaxcala tendr\u00e1 el futuro que merece, de mayores oportunidades para todas las familias.<\/p>\n","protected":false},"author":2,"featured_media":44292,"comment_status":"open","ping_status":"open","sticky":false,"template":"","format":"standard","meta":{"footnotes":""},"categories":[4],"tags":[],"class_list":["post-44291","post","type-post","status-publish","format-standard","has-post-thumbnail","hentry","category-local"],"_links":{"self":[{"href":"https:\/\/www.contextosdigital.com\/index.php?rest_route=\/wp\/v2\/posts\/44291","targetHints":{"allow":["GET"]}}],"collection":[{"href":"https:\/\/www.contextosdigital.com\/index.php?rest_route=\/wp\/v2\/posts"}],"about":[{"href":"https:\/\/www.contextosdigital.com\/index.php?rest_route=\/wp\/v2\/types\/post"}],"author":[{"embeddable":true,"href":"https:\/\/www.contextosdigital.com\/index.php?rest_route=\/wp\/v2\/users\/2"}],"replies":[{"embeddable":true,"href":"https:\/\/www.contextosdigital.com\/index.php?rest_route=%2Fwp%2Fv2%2Fcomments&post=44291"}],"version-history":[{"count":1,"href":"https:\/\/www.contextosdigital.com\/index.php?rest_route=\/wp\/v2\/posts\/44291\/revisions"}],"predecessor-version":[{"id":44293,"href":"https:\/\/www.contextosdigital.com\/index.php?rest_route=\/wp\/v2\/posts\/44291\/revisions\/44293"}],"wp:featuredmedia":[{"embeddable":true,"href":"https:\/\/www.contextosdigital.com\/index.php?rest_route=\/wp\/v2\/media\/44292"}],"wp:attachment":[{"href":"https:\/\/www.contextosdigital.com\/index.php?rest_route=%2Fwp%2Fv2%2Fmedia&parent=44291"}],"wp:term":[{"taxonomy":"category","embeddable":true,"href":"https:\/\/www.contextosdigital.com\/index.php?rest_route=%2Fwp%2Fv2%2Fcategories&post=44291"},{"taxonomy":"post_tag","embeddable":true,"href":"https:\/\/www.contextosdigital.com\/index.php?rest_route=%2Fwp%2Fv2%2Ftags&post=44291"}],"curies":[{"name":"wp","href":"https:\/\/api.w.org\/{rel}","templated":true}]}}