{"id":44288,"date":"2016-05-18T09:15:26","date_gmt":"2016-05-18T14:15:26","guid":{"rendered":"http:\/\/www.contextosdigital.com\/?p=44288"},"modified":"2016-05-18T09:15:26","modified_gmt":"2016-05-18T14:15:26","slug":"se-realizo-en-la-uat-la-9-a-jornada-de-autorrealizacion","status":"publish","type":"post","link":"https:\/\/www.contextosdigital.com\/?p=44288","title":{"rendered":"Se realiz\u00f3 en la UAT la \u201c9.\u00aa Jornada de Autorrealizaci\u00f3n\u201d"},"content":{"rendered":"<p>\u201cAcercar y fortalecer la participaci\u00f3n de los universitarios en tareas que enriquezcan su formaci\u00f3n profesional, su esp\u00edritu transformador, su paso por las aulas\u00a0 y su perspectiva de vida, es una responsabilidad de los organismos de educaci\u00f3n superior dentro de lo que se denomina como bienestar universitario, y en la m\u00e1xima Casa de Estudios de la entidad, la Autorrealizaci\u00f3n\u201d, asegur\u00f3 el Mtro. Rub\u00e9n Reyes C\u00f3rdoba, Rector de la Universidad Aut\u00f3noma de Tlaxcala (UAT), al inaugurar la \u201c9.\u00aa Jornada de Autorrealizaci\u00f3n\u201d.<\/p>\n<p>Durante esta actividad, organizada por las Secretar\u00edas de Autorrealizaci\u00f3n y la de Extensi\u00f3n Universitaria y Difusi\u00f3n Cultural, as\u00ed como por la Federaci\u00f3n de Estudiantes de la UAT, el Mtro. Reyes C\u00f3rdoba afirm\u00f3 que en la Instituci\u00f3n se busca permanentemente la pr\u00e1ctica de valores como la solidaridad, el respeto, compromiso, honestidad, armon\u00eda y el fomento a las pr\u00e1cticas art\u00edstico-culturales, para potenciar el talento de los j\u00f3venes.<\/p>\n<p>Subray\u00f3 que los nuevos paradigmas desarrollados dentro de la Aut\u00f3noma de Tlaxcala, permiten construir espacios donde se estimulan la mayor\u00eda las expresiones art\u00edsticas, genera plataformas de v\u00ednculos rec\u00edprocos con la sociedad, propicia el di\u00e1logo y el contacto con actores y voces de las distintas disciplinas que marcan, sin duda al educando, y lo impulsan a continuar con su preparaci\u00f3n.<\/p>\n<p>El Mtro. Rub\u00e9n Reyes expuso que para la UAT, la Autorrealizaci\u00f3n, implementada en el a\u00f1o 2005 por el entonces Rector, Dr. Seraf\u00edn Ortiz Ortiz, se ha constituido en un eje que engrandece la capacitaci\u00f3n integral de nuestro alumnos, incorporando nuevas ideas, proyectos y estrategias que dan elementos a quienes realizan c\u00e1tedra, para hacer que la comunidad viva con horizontes que nutran su calidad humana y su visi\u00f3n competitiva ante los retos que impone la sociedad globalizada.<\/p>\n<p>Ante la presencia de la estructura directiva de la Casa de Estudios, el Dr. Ernesto Meza Sierra, Secretario en la materia, indic\u00f3 que la Autorrealizaci\u00f3n en la Aut\u00f3noma de Tlaxcala favorece la convivencia universitaria y el desarrollo personal.<\/p>\n<p>Agreg\u00f3 que recientemente la Organizaci\u00f3n de las Naciones Unidas para la Educaci\u00f3n, la Ciencia y la Cultura (UNESCO), dio especial importancia al segmento juvenil como agente fundamental del cambio, pero lo consider\u00f3 tambi\u00e9n entre los sectores m\u00e1s vulnerables; de ah\u00ed la trascendencia de que en la UAT se celebre esta novena jornada que busca destacar y potencializar habilidades, actitudes y aptitudes.<\/p>\n<p>En tanto, el Lic. Juan Flores P\u00e9rez, en representaci\u00f3n de la Secretar\u00eda de Extensi\u00f3n Universitaria y Difusi\u00f3n Cultural, refiri\u00f3 que en esta \u201c9.\u00aa Jornada de Autorrealizaci\u00f3n\u201d se llevaron a cabo las etapas finales de los diversos cert\u00e1menes en los que participaron representantes de las Facultades y Unidades Acad\u00e9micas Multidisciplinarias que integran la Instituci\u00f3n.<\/p>\n<p>Cabe mencionar que una vez culminadas las actividades, el Mtro. Rub\u00e9n Reyes C\u00f3rdoba, acompa\u00f1ado de las autoridades universitarias, entreg\u00f3 los obsequios a quienes obtuvieron los primeros lugares: en creaci\u00f3n literaria Miguel Mart\u00ednez Hern\u00e1ndez, de la Facultad de Filosof\u00eda y Letras; en oratoria Mar\u00eda Ruth Luna P\u00e9rez, de Odontolog\u00eda; en Ajedrez, rama varonil, Juan Manuel Molina\u00a0 Araiza y en la femenil Selene Salas P\u00e9rez.<\/p>\n<p>De igual forma, en ejecuci\u00f3n de instrumento musical Javier Mendieta Padilla, de la Facultad de Trabajo Social, Sociolog\u00eda y Psicolog\u00eda; en canto Isis Larissa Hern\u00e1ndez L\u00f3pez;\u00a0 y en baile el grupo de Filosof\u00eda y Letras result\u00f3 ganador.<\/p>\n","protected":false},"excerpt":{"rendered":"<p> \u201cAcercar y fortalecer la participaci\u00f3n de los universitarios en tareas que enriquezcan su formaci\u00f3n profesional, su esp\u00edritu transformador, su paso por las aulas  y su perspectiva de vida, es una responsabilidad de los organismos de educaci\u00f3n superior dentro de lo que se denomina como bienestar universitario, y en la m\u00e1xima Casa de Estudios de la entidad, la Autorrealizaci\u00f3n\u201d, asegur\u00f3 el Mtro. Rub\u00e9n Reyes C\u00f3rdoba, Rector de la Universidad Aut\u00f3noma de Tlaxcala (UAT), al inaugurar la \u201c9.\u00aa Jornada de Autorrealizaci\u00f3n\u201d.<br \/>\n Durante esta actividad, organizada por las Secretar\u00edas de Autorrealizaci\u00f3n y la de Extensi\u00f3n Universitaria y Difusi\u00f3n Cultural, as\u00ed como por la Federaci\u00f3n de Estudiantes de la UAT, el Mtro. Reyes C\u00f3rdoba afirm\u00f3 que en la Instituci\u00f3n se busca permanentemente la pr\u00e1ctica de valores como la solidaridad, el respeto, compromiso, honestidad, armon\u00eda y el fomento a las pr\u00e1cticas art\u00edstico-culturales, para potenciar el talento de los j\u00f3venes.<\/p>\n","protected":false},"author":2,"featured_media":44289,"comment_status":"open","ping_status":"open","sticky":false,"template":"","format":"standard","meta":{"footnotes":""},"categories":[4],"tags":[],"class_list":["post-44288","post","type-post","status-publish","format-standard","has-post-thumbnail","hentry","category-local"],"_links":{"self":[{"href":"https:\/\/www.contextosdigital.com\/index.php?rest_route=\/wp\/v2\/posts\/44288","targetHints":{"allow":["GET"]}}],"collection":[{"href":"https:\/\/www.contextosdigital.com\/index.php?rest_route=\/wp\/v2\/posts"}],"about":[{"href":"https:\/\/www.contextosdigital.com\/index.php?rest_route=\/wp\/v2\/types\/post"}],"author":[{"embeddable":true,"href":"https:\/\/www.contextosdigital.com\/index.php?rest_route=\/wp\/v2\/users\/2"}],"replies":[{"embeddable":true,"href":"https:\/\/www.contextosdigital.com\/index.php?rest_route=%2Fwp%2Fv2%2Fcomments&post=44288"}],"version-history":[{"count":1,"href":"https:\/\/www.contextosdigital.com\/index.php?rest_route=\/wp\/v2\/posts\/44288\/revisions"}],"predecessor-version":[{"id":44290,"href":"https:\/\/www.contextosdigital.com\/index.php?rest_route=\/wp\/v2\/posts\/44288\/revisions\/44290"}],"wp:featuredmedia":[{"embeddable":true,"href":"https:\/\/www.contextosdigital.com\/index.php?rest_route=\/wp\/v2\/media\/44289"}],"wp:attachment":[{"href":"https:\/\/www.contextosdigital.com\/index.php?rest_route=%2Fwp%2Fv2%2Fmedia&parent=44288"}],"wp:term":[{"taxonomy":"category","embeddable":true,"href":"https:\/\/www.contextosdigital.com\/index.php?rest_route=%2Fwp%2Fv2%2Fcategories&post=44288"},{"taxonomy":"post_tag","embeddable":true,"href":"https:\/\/www.contextosdigital.com\/index.php?rest_route=%2Fwp%2Fv2%2Ftags&post=44288"}],"curies":[{"name":"wp","href":"https:\/\/api.w.org\/{rel}","templated":true}]}}