{"id":44282,"date":"2016-05-18T09:13:12","date_gmt":"2016-05-18T14:13:12","guid":{"rendered":"http:\/\/www.contextosdigital.com\/?p=44282"},"modified":"2016-05-18T09:13:12","modified_gmt":"2016-05-18T14:13:12","slug":"presenta-museo-de-arte-la-exposicion-mascara-numerica","status":"publish","type":"post","link":"https:\/\/www.contextosdigital.com\/?p=44282","title":{"rendered":"Presenta Museo de Arte la exposici\u00f3n \u201cM\u00e1scara Num\u00e9rica\u201d"},"content":{"rendered":"<p>Con el respaldo del Gobierno del Estado se lleva a cabo en la entidad el festival de m\u00e1scaras organizado por el colectivo franc\u00e9s \u201cMask Collective\u201d, que inaugur\u00f3 en el Museo de Arte de Tlaxcala (MAT) la exposici\u00f3n \u201cM\u00e1scara Num\u00e9rica\u201d, en la que participan 22 artistas, en su mayor\u00eda tlaxcaltecas.<\/p>\n<p>Esta muestra se integra de m\u00e1scaras intervenidas por artistas como Andrea Salda\u00f1a Carmona, Isolda Dosamantes, C\u00e9sar Murillo, Rub\u00e9n Rodr\u00edguez, Arnulfo Santos, Mariana P\u00e9rez Rojas, Silvia Gaona, Mayra Violeta Sosa y Jorge Barrios.<\/p>\n<p>As\u00ed como Alejandro Ipatzi, Enrique P\u00e9rez, Rafael Luna, Alejandro P\u00e9rez Cruz, Abel Loyola Santill\u00e1n, Kaefee EM, Efra\u00edn Gonz\u00e1lez, Luisa \u00c1lvarez, Jorge Brandon, \u201cTravis\u201d, Sandra L\u00f3pez Ayala, \u00c1ngeles Gonz\u00e1lez y Juletz Lila.<\/p>\n<p>Adem\u00e1s, en esta expo tambi\u00e9n se muestra una m\u00e1scara digital autor\u00eda de Arnavd Iprex y Marie Piquet, integrantes del Mask Collective, quienes con el\u00a0 respaldo del Instituto Tlaxcalteca de la Cultura (ITC) y de la Alianza Francesa en Tlaxcala realizar\u00e1n una serie de actividades durante esta semana en la entidad.<\/p>\n<p>Previo a la inauguraci\u00f3n de la muestra tuvo lugar una conferencia magistral sobre el papel cultural de la m\u00e1scara, en la que participaron como ponentes Carmen Rodr\u00edguez S\u00e1nchez, Elizabeth Dom\u00ednguez \u00c1ngel y V\u00edctor Manuel Rocha Genno.<\/p>\n<p>A lo largo de esta conferencia se abord\u00f3 la historia, antecedentes y caracter\u00edsticas del uso de la m\u00e1scara en el teatro griego, en el carnaval de Tlaxcala y en diferentes regiones y momentos de la historia en M\u00e9xico.<\/p>\n<p>Cabe se\u00f1alar que en esta semana Mask Collective proyectar\u00e1 en el Museo Regional del Instituto Nacional de Antropolog\u00eda e Historia (Inah) documentales y conferencias sobre la m\u00e1scara.<\/p>\n<p>Como parte de este festival, tambi\u00e9n tendr\u00e1 lugar un taller de m\u00e1scaras el 18 de mayo en el Centro de las Artes, en la localidad de Apizaquito, a las 11:30 horas y tambi\u00e9n el jueves 19 de mayo a las 13:00 horas en la Casa del Artista, en la ciudad de Tlaxcala.<\/p>\n","protected":false},"excerpt":{"rendered":"<p>Con el respaldo del Gobierno del Estado se lleva a cabo en la entidad el festival de m\u00e1scaras organizado por el colectivo franc\u00e9s \u201cMask Collective\u201d, que inaugur\u00f3 en el Museo de Arte de Tlaxcala (MAT) la exposici\u00f3n \u201cM\u00e1scara Num\u00e9rica\u201d, en la que participan 22 artistas, en su mayor\u00eda tlaxcaltecas.<br \/>\nEsta muestra se integra de m\u00e1scaras intervenidas por artistas como Andrea Salda\u00f1a Carmona, Isolda Dosamantes, C\u00e9sar Murillo, Rub\u00e9n Rodr\u00edguez, Arnulfo Santos, Mariana P\u00e9rez Rojas, Silvia Gaona, Mayra Violeta Sosa y Jorge Barrios.<br \/>\nAs\u00ed como Alejandro Ipatzi, Enrique P\u00e9rez, Rafael Luna, Alejandro P\u00e9rez Cruz, Abel Loyola Santill\u00e1n, Kaefee EM, Efra\u00edn Gonz\u00e1lez, Luisa \u00c1lvarez, Jorge Brandon, \u201cTravis\u201d, Sandra L\u00f3pez Ayala, \u00c1ngeles Gonz\u00e1lez y Juletz Lila.<br \/>\nAdem\u00e1s, en esta expo tambi\u00e9n se muestra una m\u00e1scara digital autor\u00eda de Arnavd Iprex y Marie Piquet, integrantes del Mask Collective, quienes con el  respaldo del Instituto Tlaxcalteca de la Cultura (ITC) y de la Alianza Francesa en Tlaxcala realizar\u00e1n una serie de actividades durante esta semana en la entidad.<\/p>\n","protected":false},"author":2,"featured_media":44283,"comment_status":"open","ping_status":"open","sticky":false,"template":"","format":"standard","meta":{"footnotes":""},"categories":[4],"tags":[],"class_list":["post-44282","post","type-post","status-publish","format-standard","has-post-thumbnail","hentry","category-local"],"_links":{"self":[{"href":"https:\/\/www.contextosdigital.com\/index.php?rest_route=\/wp\/v2\/posts\/44282","targetHints":{"allow":["GET"]}}],"collection":[{"href":"https:\/\/www.contextosdigital.com\/index.php?rest_route=\/wp\/v2\/posts"}],"about":[{"href":"https:\/\/www.contextosdigital.com\/index.php?rest_route=\/wp\/v2\/types\/post"}],"author":[{"embeddable":true,"href":"https:\/\/www.contextosdigital.com\/index.php?rest_route=\/wp\/v2\/users\/2"}],"replies":[{"embeddable":true,"href":"https:\/\/www.contextosdigital.com\/index.php?rest_route=%2Fwp%2Fv2%2Fcomments&post=44282"}],"version-history":[{"count":1,"href":"https:\/\/www.contextosdigital.com\/index.php?rest_route=\/wp\/v2\/posts\/44282\/revisions"}],"predecessor-version":[{"id":44284,"href":"https:\/\/www.contextosdigital.com\/index.php?rest_route=\/wp\/v2\/posts\/44282\/revisions\/44284"}],"wp:featuredmedia":[{"embeddable":true,"href":"https:\/\/www.contextosdigital.com\/index.php?rest_route=\/wp\/v2\/media\/44283"}],"wp:attachment":[{"href":"https:\/\/www.contextosdigital.com\/index.php?rest_route=%2Fwp%2Fv2%2Fmedia&parent=44282"}],"wp:term":[{"taxonomy":"category","embeddable":true,"href":"https:\/\/www.contextosdigital.com\/index.php?rest_route=%2Fwp%2Fv2%2Fcategories&post=44282"},{"taxonomy":"post_tag","embeddable":true,"href":"https:\/\/www.contextosdigital.com\/index.php?rest_route=%2Fwp%2Fv2%2Ftags&post=44282"}],"curies":[{"name":"wp","href":"https:\/\/api.w.org\/{rel}","templated":true}]}}