{"id":44280,"date":"2016-05-18T09:12:01","date_gmt":"2016-05-18T14:12:01","guid":{"rendered":"http:\/\/www.contextosdigital.com\/?p=44280"},"modified":"2016-05-18T09:12:01","modified_gmt":"2016-05-18T14:12:01","slug":"fortalece-sesa-perspectiva-de-genero-en-atencion-medica","status":"publish","type":"post","link":"https:\/\/www.contextosdigital.com\/?p=44280","title":{"rendered":"Fortalece SESA perspectiva de g\u00e9nero en atenci\u00f3n m\u00e9dica"},"content":{"rendered":"<p>La Secretar\u00eda de Salud (Sesa) implement\u00f3 una estrategia de Igualdad de G\u00e9nero, a fin de fortalecer la calidad de la atenci\u00f3n m\u00e9dica y servicios dirigidos a las mujeres, y de esta forma garantizar plenamente este derecho sin exclusiones de ning\u00fan tipo.<\/p>\n<p>Este esquema consiste en la ejecuci\u00f3n de acciones de sensibilizaci\u00f3n y capacitaci\u00f3n sobre g\u00e9nero en materia de atenci\u00f3n m\u00e9dica, y est\u00e1 dirigido al personal que labora en esta dependencia, por lo que participan en conferencias, pl\u00e1ticas y talleres, aunque tambi\u00e9n se brindan a la poblaci\u00f3n en general.<\/p>\n<p>Al respecto, Paola Monter S\u00e1nchez, responsable estatal del Programa Igualdad de G\u00e9nero de la Sesa, inform\u00f3 sobre la realizaci\u00f3n de pl\u00e1ticas en la Escuela Secundaria General Francisco Villa, de Tlaxco, donde se explic\u00f3\u00a0 a los alumnos la importancia de la convivencia social sin estereotipos ni discriminaci\u00f3n.<\/p>\n<p>La funcionaria detall\u00f3 que este tipo de actividades de sensibilizaci\u00f3n sobre igualdad de g\u00e9nero e interculturidad, tambi\u00e9n se llev\u00f3 a cabo con personal de medicina, trabajo social y enfermer\u00eda de la Jurisdicci\u00f3n Sanitaria III de la Sesa.<\/p>\n<p>\u201cCon estas acciones de sensibilizaci\u00f3n, el personal se compromete y contribuye a que se fortalezca el ambiente de confianza para las personas que asisten a las cl\u00ednicas para solicitar un servicio\u201d, se\u00f1al\u00f3.<\/p>\n<p>Monter S\u00e1nchez puntualiz\u00f3 que este mismo curso se ha replicado tambi\u00e9n en otras jurisdicciones sanitarias de la dependencia, de tal forma que en lo que va del a\u00f1o esta informaci\u00f3n ha llegado a 234 empleados del sector Salud.<\/p>\n<p>A la par, tambi\u00e9n se brind\u00f3 orientaci\u00f3n sobre la prevenci\u00f3n de acoso y hostigamiento laboral, a trav\u00e9s de carteles y tr\u00edpticos, con el objetivo de evitar este tipo de conductas.<\/p>\n<p>Finalmente, la responsable estatal del programa Igualdad de G\u00e9nero de la Sesa hizo hincapi\u00e9 en que con este trabajo se mejora la calidad de los servicios de salud del \u00e1mbito p\u00fablico, pues el objetivo es garantizar una atenci\u00f3n equitativa y de calidad para toda la poblaci\u00f3n sin distingo alguno.<\/p>\n","protected":false},"excerpt":{"rendered":"<p>La Secretar\u00eda de Salud (Sesa) implement\u00f3 una estrategia de Igualdad de G\u00e9nero, a fin de fortalecer la calidad de la atenci\u00f3n m\u00e9dica y servicios dirigidos a las mujeres, y de esta forma garantizar plenamente este derecho sin exclusiones de ning\u00fan tipo.<br \/>\n Este esquema consiste en la ejecuci\u00f3n de acciones de sensibilizaci\u00f3n y capacitaci\u00f3n sobre g\u00e9nero en materia de atenci\u00f3n m\u00e9dica, y est\u00e1 dirigido al personal que labora en esta dependencia, por lo que participan en conferencias, pl\u00e1ticas y talleres, aunque tambi\u00e9n se brindan a la poblaci\u00f3n en general.<br \/>\n Al respecto, Paola Monter S\u00e1nchez, responsable estatal del Programa Igualdad de G\u00e9nero de la Sesa, inform\u00f3 sobre la realizaci\u00f3n de pl\u00e1ticas en la Escuela Secundaria General Francisco Villa, de Tlaxco, donde se explic\u00f3  a los alumnos la importancia de la convivencia social sin estereotipos ni discriminaci\u00f3n.<\/p>\n","protected":false},"author":2,"featured_media":0,"comment_status":"open","ping_status":"open","sticky":false,"template":"","format":"standard","meta":{"footnotes":""},"categories":[4],"tags":[],"class_list":["post-44280","post","type-post","status-publish","format-standard","hentry","category-local"],"_links":{"self":[{"href":"https:\/\/www.contextosdigital.com\/index.php?rest_route=\/wp\/v2\/posts\/44280","targetHints":{"allow":["GET"]}}],"collection":[{"href":"https:\/\/www.contextosdigital.com\/index.php?rest_route=\/wp\/v2\/posts"}],"about":[{"href":"https:\/\/www.contextosdigital.com\/index.php?rest_route=\/wp\/v2\/types\/post"}],"author":[{"embeddable":true,"href":"https:\/\/www.contextosdigital.com\/index.php?rest_route=\/wp\/v2\/users\/2"}],"replies":[{"embeddable":true,"href":"https:\/\/www.contextosdigital.com\/index.php?rest_route=%2Fwp%2Fv2%2Fcomments&post=44280"}],"version-history":[{"count":1,"href":"https:\/\/www.contextosdigital.com\/index.php?rest_route=\/wp\/v2\/posts\/44280\/revisions"}],"predecessor-version":[{"id":44281,"href":"https:\/\/www.contextosdigital.com\/index.php?rest_route=\/wp\/v2\/posts\/44280\/revisions\/44281"}],"wp:attachment":[{"href":"https:\/\/www.contextosdigital.com\/index.php?rest_route=%2Fwp%2Fv2%2Fmedia&parent=44280"}],"wp:term":[{"taxonomy":"category","embeddable":true,"href":"https:\/\/www.contextosdigital.com\/index.php?rest_route=%2Fwp%2Fv2%2Fcategories&post=44280"},{"taxonomy":"post_tag","embeddable":true,"href":"https:\/\/www.contextosdigital.com\/index.php?rest_route=%2Fwp%2Fv2%2Ftags&post=44280"}],"curies":[{"name":"wp","href":"https:\/\/api.w.org\/{rel}","templated":true}]}}