{"id":44277,"date":"2016-05-18T09:11:14","date_gmt":"2016-05-18T14:11:14","guid":{"rendered":"http:\/\/www.contextosdigital.com\/?p=44277"},"modified":"2016-05-18T09:11:14","modified_gmt":"2016-05-18T14:11:14","slug":"ganaremos-por-el-futuro-que-todos-queremos-marco-mena","status":"publish","type":"post","link":"https:\/\/www.contextosdigital.com\/?p=44277","title":{"rendered":"Ganaremos por el futuro que todos queremos: Marco Mena"},"content":{"rendered":"<p>Marco Mena, candidato a la gubernatura del Estado por la megacoalici\u00f3n, afirm\u00f3 que el futuro que todos los tlaxcaltecas quieren para Tlaxcala, que es de progreso para cada una de las familias, est\u00e1 cada vez m\u00e1s cerca, porque los ciudadanos y liderazgos de diversas fuerzas pol\u00edticas de la entidad se han sumado al mejor proyecto que es el del PRI-PVEM-Nueva Alianza-PS.<\/p>\n<p>Durante una reuni\u00f3n p\u00fablica que se llev\u00f3 a cabo en el municipio de Nopalucan, Marco Mena recibi\u00f3 el respaldo de los pobladores, quienes coincidieron en que votar\u00e1n por el proyecto que abandera porque es el m\u00e1s serio, responsable y sincero.<\/p>\n<p>\u201cTenemos un momento muy importante el cinco de junio, no solo vamos a ganar una elecci\u00f3n, vamos a ganar el momento de pasar al futuro que queremos por sus familias y por sus hijos\u201d, recalc\u00f3.<\/p>\n<p>Acompa\u00f1ado por Jaime Herrera Vara y Jaime P\u00e9rez N\u00fa\u00f1ez, candidatos a presidente municipal de Nopalucan, y a diputado por el distrito XIV, Marco Mena acord\u00f3 trabajar en equipo, de forma cercana y establecer un gobierno transparente y abierto.<\/p>\n<p>\u201cEstamos trabajando en equipo para que sus familias est\u00e9n mejor, para que sus hijos tengan m\u00e1s oportunidades que nosotros, eso es lo que nosotros vemos con nuevos ojos, lo que llamamos nueva visi\u00f3n\u201d, insisti\u00f3.<\/p>\n<p>Respaldado por la dirigente estatal del Partido Socialista (PS), Rosal\u00eda Peredo Aguilar, el abanderado de la megacoalici\u00f3n enumer\u00f3 cada uno de los compromisos de su proyecto de Gobierno, entre los destacan impulsar el programa de becas m\u00e1s ambicioso de la historia de Tlaxcala, para que m\u00e1s familias vivan historias de \u00e9xito y mejoren sus condiciones de vida.<\/p>\n<p>Asimismo, respaldar a las mujeres con proyectos productivos, servicios de salud especializados y mejores oportunidades de empleo, mientras que a los campesinos los apoyar\u00e1 con apoyos a tiempo y comercializaci\u00f3n.<\/p>\n","protected":false},"excerpt":{"rendered":"<p>Marco Mena, candidato a la gubernatura del Estado por la megacoalici\u00f3n, afirm\u00f3 que el futuro que todos los tlaxcaltecas quieren para Tlaxcala, que es de progreso para cada una de las familias, est\u00e1 cada vez m\u00e1s cerca, porque los ciudadanos y liderazgos de diversas fuerzas pol\u00edticas de la entidad se han sumado al mejor proyecto que es el del PRI-PVEM-Nueva Alianza-PS.<br \/>\nDurante una reuni\u00f3n p\u00fablica que se llev\u00f3 a cabo en el municipio de Nopalucan, Marco Mena recibi\u00f3 el respaldo de los pobladores, quienes coincidieron en que votar\u00e1n por el proyecto que abandera porque es el m\u00e1s serio, responsable y sincero.<br \/>\n\u201cTenemos un momento muy importante el cinco de junio, no solo vamos a ganar una elecci\u00f3n, vamos a ganar el momento de pasar al futuro que queremos por sus familias y por sus hijos\u201d, recalc\u00f3.<\/p>\n","protected":false},"author":2,"featured_media":44278,"comment_status":"open","ping_status":"open","sticky":false,"template":"","format":"standard","meta":{"footnotes":""},"categories":[4],"tags":[],"class_list":["post-44277","post","type-post","status-publish","format-standard","has-post-thumbnail","hentry","category-local"],"_links":{"self":[{"href":"https:\/\/www.contextosdigital.com\/index.php?rest_route=\/wp\/v2\/posts\/44277","targetHints":{"allow":["GET"]}}],"collection":[{"href":"https:\/\/www.contextosdigital.com\/index.php?rest_route=\/wp\/v2\/posts"}],"about":[{"href":"https:\/\/www.contextosdigital.com\/index.php?rest_route=\/wp\/v2\/types\/post"}],"author":[{"embeddable":true,"href":"https:\/\/www.contextosdigital.com\/index.php?rest_route=\/wp\/v2\/users\/2"}],"replies":[{"embeddable":true,"href":"https:\/\/www.contextosdigital.com\/index.php?rest_route=%2Fwp%2Fv2%2Fcomments&post=44277"}],"version-history":[{"count":1,"href":"https:\/\/www.contextosdigital.com\/index.php?rest_route=\/wp\/v2\/posts\/44277\/revisions"}],"predecessor-version":[{"id":44279,"href":"https:\/\/www.contextosdigital.com\/index.php?rest_route=\/wp\/v2\/posts\/44277\/revisions\/44279"}],"wp:featuredmedia":[{"embeddable":true,"href":"https:\/\/www.contextosdigital.com\/index.php?rest_route=\/wp\/v2\/media\/44278"}],"wp:attachment":[{"href":"https:\/\/www.contextosdigital.com\/index.php?rest_route=%2Fwp%2Fv2%2Fmedia&parent=44277"}],"wp:term":[{"taxonomy":"category","embeddable":true,"href":"https:\/\/www.contextosdigital.com\/index.php?rest_route=%2Fwp%2Fv2%2Fcategories&post=44277"},{"taxonomy":"post_tag","embeddable":true,"href":"https:\/\/www.contextosdigital.com\/index.php?rest_route=%2Fwp%2Fv2%2Ftags&post=44277"}],"curies":[{"name":"wp","href":"https:\/\/api.w.org\/{rel}","templated":true}]}}