{"id":44274,"date":"2016-05-18T09:09:59","date_gmt":"2016-05-18T14:09:59","guid":{"rendered":"http:\/\/www.contextosdigital.com\/?p=44274"},"modified":"2016-05-18T09:09:59","modified_gmt":"2016-05-18T14:09:59","slug":"inician-bacheo-en-chiautempan","status":"publish","type":"post","link":"https:\/\/www.contextosdigital.com\/?p=44274","title":{"rendered":"Inician bacheo en Chiautempan."},"content":{"rendered":"<p>Ante la pr\u00f3xima temporada de lluvias y con el prop\u00f3sito de que las calles se encuentren en condiciones \u00f3ptimas de conservaci\u00f3n, personal adscrito a la direcci\u00f3n de Obras P\u00fablicas y Desarrollo Urbano de Chiautempan,\u00a0 est\u00e1 implementando el Programa \u201ccero baches\u201d, con el que se preve\u00e9 dar mantenimiento al cien por ciento a todas las calles de asfalto de la jurisdicci\u00f3n municipal y el cual finalizar\u00e1 a mediados del mes de junio del a\u00f1o en curso.<\/p>\n<p>Jos\u00e9 Luis Zecua Ortiz, titular del \u00e1rea, al dar a conocer lo anterior, coment\u00f3 que durante la segunda semana del mes de mayo se efectuaron trabajos de bacheo por un total de noventa metros cuadrados con material de fresado y ebullici\u00f3n, es decir, con asfalto a altas temperaturas que garantizan una mayor durabilidad por su consistencia que se adapta a unirse con el material ya existente (cajeo).<\/p>\n<p>Agreg\u00f3 que para un mejor rendimiento y calidad en estos trabajos, se ha contado con la participaci\u00f3n de los Presidentes de Comunidad, quienes a trav\u00e9s de su personal y apoyo de vecinos se han logrado ampliar las metas, motivo por el cual se continuar\u00e1 trabajando en esta din\u00e1mica de coordinaci\u00f3n y colaboraci\u00f3n, teniendo en cuanta que varias comunidades de la jurisdicci\u00f3n Municipal en los pr\u00f3ximos meses celebrar\u00e1n su feria anual.<\/p>\n<p>Algunas de las calles que recibieron mantenimiento por parte de la brigada de bacheo en d\u00edas pasados fueron, las Avenidas Iturbide Poniente y Progreso, as\u00ed como las Calles Morelos, Uni\u00f3n, Manuel Salda\u00f1a, Tlahicole y calle Independencia de la Colonia Chalma.<\/p>\n","protected":false},"excerpt":{"rendered":"<p>Ante la pr\u00f3xima temporada de lluvias y con el prop\u00f3sito de que las calles se encuentren en condiciones \u00f3ptimas de conservaci\u00f3n, personal adscrito a la direcci\u00f3n de Obras P\u00fablicas y Desarrollo Urbano de Chiautempan,  est\u00e1 implementando el Programa \u201ccero baches\u201d, con el que se preve\u00e9 dar mantenimiento al cien por ciento a todas las calles de asfalto de la jurisdicci\u00f3n municipal y el cual finalizar\u00e1 a mediados del mes de junio del a\u00f1o en curso.<br \/>\nJos\u00e9 Luis Zecua Ortiz, titular del \u00e1rea, al dar a conocer lo anterior, coment\u00f3 que durante la segunda semana del mes de mayo se efectuaron trabajos de bacheo por un total de noventa metros cuadrados con material de fresado y ebullici\u00f3n<\/p>\n","protected":false},"author":2,"featured_media":44275,"comment_status":"open","ping_status":"open","sticky":false,"template":"","format":"standard","meta":{"footnotes":""},"categories":[4],"tags":[],"class_list":["post-44274","post","type-post","status-publish","format-standard","has-post-thumbnail","hentry","category-local"],"_links":{"self":[{"href":"https:\/\/www.contextosdigital.com\/index.php?rest_route=\/wp\/v2\/posts\/44274","targetHints":{"allow":["GET"]}}],"collection":[{"href":"https:\/\/www.contextosdigital.com\/index.php?rest_route=\/wp\/v2\/posts"}],"about":[{"href":"https:\/\/www.contextosdigital.com\/index.php?rest_route=\/wp\/v2\/types\/post"}],"author":[{"embeddable":true,"href":"https:\/\/www.contextosdigital.com\/index.php?rest_route=\/wp\/v2\/users\/2"}],"replies":[{"embeddable":true,"href":"https:\/\/www.contextosdigital.com\/index.php?rest_route=%2Fwp%2Fv2%2Fcomments&post=44274"}],"version-history":[{"count":1,"href":"https:\/\/www.contextosdigital.com\/index.php?rest_route=\/wp\/v2\/posts\/44274\/revisions"}],"predecessor-version":[{"id":44276,"href":"https:\/\/www.contextosdigital.com\/index.php?rest_route=\/wp\/v2\/posts\/44274\/revisions\/44276"}],"wp:featuredmedia":[{"embeddable":true,"href":"https:\/\/www.contextosdigital.com\/index.php?rest_route=\/wp\/v2\/media\/44275"}],"wp:attachment":[{"href":"https:\/\/www.contextosdigital.com\/index.php?rest_route=%2Fwp%2Fv2%2Fmedia&parent=44274"}],"wp:term":[{"taxonomy":"category","embeddable":true,"href":"https:\/\/www.contextosdigital.com\/index.php?rest_route=%2Fwp%2Fv2%2Fcategories&post=44274"},{"taxonomy":"post_tag","embeddable":true,"href":"https:\/\/www.contextosdigital.com\/index.php?rest_route=%2Fwp%2Fv2%2Ftags&post=44274"}],"curies":[{"name":"wp","href":"https:\/\/api.w.org\/{rel}","templated":true}]}}