{"id":44271,"date":"2016-05-18T09:08:35","date_gmt":"2016-05-18T14:08:35","guid":{"rendered":"http:\/\/www.contextosdigital.com\/?p=44271"},"modified":"2016-05-18T09:08:35","modified_gmt":"2016-05-18T14:08:35","slug":"captura-pgje-a-sujeto-acusado-de-violacion","status":"publish","type":"post","link":"https:\/\/www.contextosdigital.com\/?p=44271","title":{"rendered":"Captura PGJE a sujeto acusado de violaci\u00f3n"},"content":{"rendered":"<p>La Polic\u00eda de Investigaci\u00f3n adscrita a la Procuradur\u00eda General de Justicia del Estado (PGJE) cumpliment\u00f3 una orden de aprehensi\u00f3n en contra de Francisco Ad\u00e1n Flores P\u00e9rez, ya que es acusado de haber violado a su hijastra de 11 a\u00f1os de edad, por lo que fue recluido en el Centro de Reinserci\u00f3n Social (Cereso) desde donde enfrentar\u00e1 su proceso legal.<\/p>\n<p>En marzo de 2015, la menor le confes\u00f3 a su t\u00eda que Francisco Ad\u00e1n Flores P\u00e9rez, pareja sentimental de su madre, la viol\u00f3 en diferentes ocasiones, y que aprovechaba que su progenitora sal\u00eda de su domicilio para agredirla sexualmente.<\/p>\n<p>Por lo anterior, la v\u00edctima y sus familiares acudieron ante el Agente del Ministerio P\u00fablico Especializado en Delitos de G\u00e9nero y Violencia Intrafamiliar para denunciar los hechos.<\/p>\n<p>De esta manera, y resultado de la integraci\u00f3n de la indagatoria e investigaciones de campo a cargo de personal de la PGJE, el Juez de la causa del Distrito Judicial de Guridi y Alcocer, otorg\u00f3 la orden de aprehensi\u00f3n en contra de Francisco Ad\u00e1n Flores P\u00e9rez, por el delito de violaci\u00f3n.<\/p>\n<p>Con el mandamiento judicial, la Polic\u00eda de Investigaci\u00f3n aprehendi\u00f3 al imputado en el municipio de Tlaxcala, por lo que luego de certificar su estado de salud, fue trasladado y remitido al Cereso, desde donde enfrentar\u00e1 el proceso legal en su contra<\/p>\n","protected":false},"excerpt":{"rendered":"<p>La Polic\u00eda de Investigaci\u00f3n adscrita a la Procuradur\u00eda General de Justicia del Estado (PGJE) cumpliment\u00f3 una orden de aprehensi\u00f3n en contra de Francisco Ad\u00e1n Flores P\u00e9rez, ya que es acusado de haber violado a su hijastra de 11 a\u00f1os de edad, por lo que fue recluido en el Centro de Reinserci\u00f3n Social (Cereso) desde donde enfrentar\u00e1 su proceso legal.<br \/>\nEn marzo de 2015, la menor le confes\u00f3 a su t\u00eda que Francisco Ad\u00e1n Flores P\u00e9rez, pareja sentimental de su madre, la viol\u00f3 en diferentes ocasiones, y que aprovechaba que su progenitora sal\u00eda de su domicilio para agredirla sexualmente.<\/p>\n","protected":false},"author":2,"featured_media":44272,"comment_status":"open","ping_status":"open","sticky":false,"template":"","format":"standard","meta":{"footnotes":""},"categories":[4],"tags":[],"class_list":["post-44271","post","type-post","status-publish","format-standard","has-post-thumbnail","hentry","category-local"],"_links":{"self":[{"href":"https:\/\/www.contextosdigital.com\/index.php?rest_route=\/wp\/v2\/posts\/44271","targetHints":{"allow":["GET"]}}],"collection":[{"href":"https:\/\/www.contextosdigital.com\/index.php?rest_route=\/wp\/v2\/posts"}],"about":[{"href":"https:\/\/www.contextosdigital.com\/index.php?rest_route=\/wp\/v2\/types\/post"}],"author":[{"embeddable":true,"href":"https:\/\/www.contextosdigital.com\/index.php?rest_route=\/wp\/v2\/users\/2"}],"replies":[{"embeddable":true,"href":"https:\/\/www.contextosdigital.com\/index.php?rest_route=%2Fwp%2Fv2%2Fcomments&post=44271"}],"version-history":[{"count":1,"href":"https:\/\/www.contextosdigital.com\/index.php?rest_route=\/wp\/v2\/posts\/44271\/revisions"}],"predecessor-version":[{"id":44273,"href":"https:\/\/www.contextosdigital.com\/index.php?rest_route=\/wp\/v2\/posts\/44271\/revisions\/44273"}],"wp:featuredmedia":[{"embeddable":true,"href":"https:\/\/www.contextosdigital.com\/index.php?rest_route=\/wp\/v2\/media\/44272"}],"wp:attachment":[{"href":"https:\/\/www.contextosdigital.com\/index.php?rest_route=%2Fwp%2Fv2%2Fmedia&parent=44271"}],"wp:term":[{"taxonomy":"category","embeddable":true,"href":"https:\/\/www.contextosdigital.com\/index.php?rest_route=%2Fwp%2Fv2%2Fcategories&post=44271"},{"taxonomy":"post_tag","embeddable":true,"href":"https:\/\/www.contextosdigital.com\/index.php?rest_route=%2Fwp%2Fv2%2Ftags&post=44271"}],"curies":[{"name":"wp","href":"https:\/\/api.w.org\/{rel}","templated":true}]}}