{"id":42739,"date":"2016-03-09T09:09:58","date_gmt":"2016-03-09T14:09:58","guid":{"rendered":"http:\/\/www.contextosdigital.com\/?p=42739"},"modified":"2016-03-09T09:09:58","modified_gmt":"2016-03-09T14:09:58","slug":"son-mujeres-pilar-fundamental-del-desarrollo-en-tlaxcala-mgz","status":"publish","type":"post","link":"https:\/\/www.contextosdigital.com\/?p=42739","title":{"rendered":"Son mujeres pilar fundamental del desarrollo en Tlaxcala: MGZ"},"content":{"rendered":"<p>Al encabezar este martes la ceremonia de conmemoraci\u00f3n por el \u201cD\u00eda Internacional de la Mujer\u201d, el Gobernador del Estado, Mariano Gonz\u00e1lez Zarur, recalc\u00f3 que las tlaxcaltecas son pieza primordial en el desarrollo de la entidad, por lo que su administraci\u00f3n trabaja para que este sector de la poblaci\u00f3n goce de una mejor atenci\u00f3n, as\u00ed como de servicios integrales y equitativos que coadyuven a su bienestar integral.<\/p>\n<p>\u201cUstedes, las mujeres, son el pilar y parte fundamental de la entidad, de la sociedad, Tlaxcala las necesita. Este d\u00eda se refiere a las mujeres como art\u00edfices de la historia y a la lucha por participar en la sociedad en pie de igualdad con el hombre\u201d, expres\u00f3 el Mandatario.<\/p>\n<p>En este evento, celebrado en un conocido hotel de la ciudad capital, destac\u00f3 la presencia de la Presidente Honor\u00edfica del Sistema Estatal para el Desarrollo Integral de la Familia (DIF), Mariana Gonz\u00e1lez Foullon, as\u00ed como representantes de los poderes Legislativo y Judicial, adem\u00e1s de funcionarias estatales y federales, ante quienes Gonz\u00e1lez Zarur enfatiz\u00f3 que esta conmemoraci\u00f3n es una oportunidad para reflexionar sobre las metas que a\u00fan faltan por alcanzar en materia de equidad de g\u00e9nero.<\/p>\n<p>A la vez, el Jefe del Ejecutivo aprovech\u00f3 para informar sobre los importantes avances registrados a lo largo de su gesti\u00f3n a favor del sector femenino, resultado de un trabajo interinstitucional.<\/p>\n<p>\u201cEn 2011 implementamos programas con el Instituto Estatal de la Mujer, de manera transversal con la Secretar\u00eda de Salud y el Sistema Estatal para el Desarrollo Integral de la Familia, los cuales nos han dado resultado para prepararlas, capacitarlas y atenderlas\u201d, recalc\u00f3 el Jefe del Ejecutivo.<\/p>\n<p>Es as\u00ed que el Gobernador cit\u00f3 algunas de las principales acciones ejecutadas en beneficio de este sector de la poblaci\u00f3n, como es el caso de la aplicaci\u00f3n de 27 mil cuestionarios en los Centros de Salud para la detecci\u00f3n de situaciones violentas, al igual que 12 mil consultas sicoemocionales a mujeres en situaci\u00f3n de violencia severa, solo durante 2015.<\/p>\n<p>\u201cPara esta administraci\u00f3n exterminar la violencia contra la mujer es prioritario, esta lucha la hemos realizado en alianza con varias instancias estatales\u201d, puntualiz\u00f3 Gonz\u00e1lez Zarur.<\/p>\n<p>Asimismo, se han impartido m\u00e1s de dos mil pl\u00e1ticas en materia de prevenci\u00f3n de la violencia en el noviazgo, dirigidas a adolescentes y se han destinado recursos importantes para la operaci\u00f3n de los Centros para el Desarrollo de la Mujer con Perspectiva de G\u00e9nero.<\/p>\n<p>Tambi\u00e9n se ha capacitado a siete mil personas tomadoras de decisiones en el \u00e1mbito municipal para prevenir, atender, sancionar y erradicar la violencia contra mujeres y ni\u00f1as.<\/p>\n<p>Por otra parte, el Gobernador hizo referencia a las acciones ejecutadas en materia de trata de personas.\u00a0 \u201cHemos trabajado arduamente para exterminar este flagelo, por lo que se han realizado operativos que han permitido rescatar a 211 v\u00edctimas\u201d, se\u00f1al\u00f3.<\/p>\n<p>En el \u00e1mbito educativo, la actual administraci\u00f3n estatal tambi\u00e9n ha puesto en marcha distintas l\u00edneas de acci\u00f3n que fortalecen la igualdad entre hombres y mujeres. Como resultado, se logr\u00f3 reducir en un 30 por ciento el nivel de analfabetismo de las tlaxcaltecas, adem\u00e1s se otorgaron becas para madres j\u00f3venes y j\u00f3venes embarazadas.<\/p>\n<p>Adem\u00e1s, se organizaron m\u00e1s de 600 cursos para el autoempleo en beneficio de unas siete mil mujeres, mientras que otras siete mil resultaron beneficiadas con los programas estatal de Empleo Temporal.<\/p>\n<p>\u201cMujeres tlaxcaltecas: este Gobierno es sensible a las necesidades, hemos abierto puertas para que se desarrollen de manera plena, pero tambi\u00e9n estamos conscientes de que a\u00fan hay importantes retos. No tengan duda, seguiremos implementando e impulsando pol\u00edticas a favor del trato equitativo entre g\u00e9neros, as\u00ed como el ejercicio pleno de sus derechos y la eliminaci\u00f3n de barreras para su integraci\u00f3n a la vida pol\u00edtica econ\u00f3mica y social de la entidad\u201d, concluy\u00f3 el Gobernador.<\/p>\n<p>En su oportunidad, la Presidente Honor\u00edfica del DIF estatal, Mariana Gonz\u00e1lez Foullon, asever\u00f3 que las mujeres representan el pilar de la familia y de la sociedad en general, pues son capaces de desempe\u00f1arse en diversos roles.<\/p>\n<p>\u201cEl d\u00eda de hoy mi reconocimiento a todas las mujeres, les reitero mi admiraci\u00f3n por su esfuerzo, entrega y perseverancia porque sabemos que el pilar de la familia es la mujer\u201d, expres\u00f3.<\/p>\n<p>Por su parte, la titular del Instituto Estatal de la Mujer (IEM), Elda Garc\u00eda G\u00f3mez, hizo hincapi\u00e9 en que el Gobierno del Estado trabaja arduamente en el empoderamiento de las tlaxcaltecas y en el fortalecimiento de las oportunidades de desarrollo para este sector.<\/p>\n<p>Cabe mencionar que durante esta conmemoraci\u00f3n, el Gobernador entreg\u00f3 reconocimientos a tlaxcaltecas destacadas quienes con su trabajo contribuyen al desarrollo de la entidad, es el caso de Mar\u00eda Romano Flores, partera tradicional; Maura Ju\u00e1rez S\u00e1nchez dedicada al oficio de la talacher\u00eda; Rosa Salazar Garc\u00eda, Comisariada Ejidal; Carol Esp\u00edndola, fot\u00f3grafa y promotora cultural, y Jeimi Dom\u00ednguez Jim\u00e9nez, quien con diagn\u00f3stico de c\u00e1ncer en ambos pulmones, representa un ejemplo de fortaleza.<\/p>\n<p>A este evento acudieron: la Presidente del Tribunal Superior de Justicia del Estado (Tsje), Elsa Cordero Mart\u00ednez; la Procuradora General de Justicia del Estado, Alicia Fragoso S\u00e1nchez; la secretaria de Turismo y Desarrollo Econ\u00f3mico (Setyde), Kathya Torres V\u00e1zquez, y la titular del Consejo Estatal de Poblaci\u00f3n (Coespo) Patricia L\u00f3pez Aldave.<\/p>\n<p>Al igual que la directora del Centro de la Secretar\u00eda de Comunicaciones y Transportes (SCT) en Tlaxcala, Hortensia Mart\u00ednez Olivares y la diputada federal, Anabel Alvarado Varela, entre otras funcionarias estatales y federales.<\/p>\n","protected":false},"excerpt":{"rendered":"<p>Al encabezar este martes la ceremonia de conmemoraci\u00f3n por el \u201cD\u00eda Internacional de la Mujer\u201d, el Gobernador del Estado, Mariano Gonz\u00e1lez Zarur, recalc\u00f3 que las tlaxcaltecas son pieza primordial en el desarrollo de la entidad, por lo que su administraci\u00f3n trabaja para que este sector de la poblaci\u00f3n goce de una mejor atenci\u00f3n, as\u00ed como de servicios integrales y equitativos que coadyuven a su bienestar integral.<br \/>\n\u201cUstedes, las mujeres, son el pilar y parte fundamental de la entidad, de la sociedad, Tlaxcala las necesita. Este d\u00eda se refiere a las mujeres como art\u00edfices de la historia y a la lucha por participar en la sociedad en pie de igualdad con el hombre\u201d, expres\u00f3 el Mandatario.<br \/>\nEn este evento, celebrado en un conocido hotel de la ciudad capital, destac\u00f3 la presencia de la Presidente Honor\u00edfica del Sistema Estatal para el Desarrollo Integral de la Familia (DIF), Mariana Gonz\u00e1lez Foullon, as\u00ed como representantes de los poderes Legislativo y Judicial, adem\u00e1s de funcionarias estatales y federales, ante quienes Gonz\u00e1lez Zarur enfatiz\u00f3 que esta conmemoraci\u00f3n es una oportunidad para reflexionar sobre las metas que a\u00fan faltan por alcanzar en materia de equidad de g\u00e9nero.<\/p>\n","protected":false},"author":2,"featured_media":42740,"comment_status":"open","ping_status":"open","sticky":false,"template":"","format":"standard","meta":{"footnotes":""},"categories":[4],"tags":[],"class_list":["post-42739","post","type-post","status-publish","format-standard","has-post-thumbnail","hentry","category-local"],"_links":{"self":[{"href":"https:\/\/www.contextosdigital.com\/index.php?rest_route=\/wp\/v2\/posts\/42739","targetHints":{"allow":["GET"]}}],"collection":[{"href":"https:\/\/www.contextosdigital.com\/index.php?rest_route=\/wp\/v2\/posts"}],"about":[{"href":"https:\/\/www.contextosdigital.com\/index.php?rest_route=\/wp\/v2\/types\/post"}],"author":[{"embeddable":true,"href":"https:\/\/www.contextosdigital.com\/index.php?rest_route=\/wp\/v2\/users\/2"}],"replies":[{"embeddable":true,"href":"https:\/\/www.contextosdigital.com\/index.php?rest_route=%2Fwp%2Fv2%2Fcomments&post=42739"}],"version-history":[{"count":1,"href":"https:\/\/www.contextosdigital.com\/index.php?rest_route=\/wp\/v2\/posts\/42739\/revisions"}],"predecessor-version":[{"id":42741,"href":"https:\/\/www.contextosdigital.com\/index.php?rest_route=\/wp\/v2\/posts\/42739\/revisions\/42741"}],"wp:featuredmedia":[{"embeddable":true,"href":"https:\/\/www.contextosdigital.com\/index.php?rest_route=\/wp\/v2\/media\/42740"}],"wp:attachment":[{"href":"https:\/\/www.contextosdigital.com\/index.php?rest_route=%2Fwp%2Fv2%2Fmedia&parent=42739"}],"wp:term":[{"taxonomy":"category","embeddable":true,"href":"https:\/\/www.contextosdigital.com\/index.php?rest_route=%2Fwp%2Fv2%2Fcategories&post=42739"},{"taxonomy":"post_tag","embeddable":true,"href":"https:\/\/www.contextosdigital.com\/index.php?rest_route=%2Fwp%2Fv2%2Ftags&post=42739"}],"curies":[{"name":"wp","href":"https:\/\/api.w.org\/{rel}","templated":true}]}}