{"id":42736,"date":"2016-03-09T09:08:37","date_gmt":"2016-03-09T14:08:37","guid":{"rendered":"http:\/\/www.contextosdigital.com\/?p=42736"},"modified":"2016-03-09T09:08:37","modified_gmt":"2016-03-09T14:08:37","slug":"reconoce-la-autonoma-de-tlaxcala-a-ocho-destacadas-universitarias","status":"publish","type":"post","link":"https:\/\/www.contextosdigital.com\/?p=42736","title":{"rendered":"Reconoce la Aut\u00f3noma de Tlaxcala a ocho destacadas universitarias"},"content":{"rendered":"<p>En el marco del D\u00eda Internacional de la Mujer, el Mtro. Rub\u00e9n Reyes C\u00f3rdoba, Rector de la Universidad Aut\u00f3noma de Tlaxcala (UAT), entreg\u00f3 el reconocimiento \u201cPaulina Maraver\u201d a ocho distinguidas universitarias por su trascendente trayectoria dentro de la Instituci\u00f3n y el \u00e1mbito de la educaci\u00f3n superior en diferentes disciplinas.<\/p>\n<p>Las galardonadas fueron: la Mtra. Rosa Romero Olivera, Directora del grupo art\u00edstico de danza contempor\u00e1nea de la UAT, en la categor\u00eda de arte y cultura; Miriam Libertad Lim\u00f3n Montiel, estudiante de la Licenciatura en Administraci\u00f3n, por excelencia acad\u00e9mica y labor social; Victoria Palacios Carrillo, colaboradora del Departamento de Actividades Deportivas y Recreativas (DADYR), as\u00ed como Nohem\u00ed Milacatl Milacatl, estudiante de la Licenciatura en Administraci\u00f3n, en el rubro de salud y deporte.<\/p>\n<p>De igual forma, Mar\u00eda Guadalupe Pasten S\u00e1nchez, egresada de la Licenciatura en Psicolog\u00eda de la Unidad Acad\u00e9mica Multidisciplinaria campus Calpulalpan, obtuvo la distinci\u00f3n de excelencia acad\u00e9mica y superaci\u00f3n personal; la Dra. Margarita Mart\u00ednez G\u00f3mez, investigadora del Centro Tlaxcala Biolog\u00eda de la Conducta (CTBC), en docencia e investigaci\u00f3n; Martha Mej\u00eda Hern\u00e1ndez, estudiante de la Licenciatura en Administraci\u00f3n, en proyecci\u00f3n acad\u00e9mica internacional y emprendedurismo; y Mar\u00eda Victoria Hern\u00e1ndez D\u00e1vila, trabajadora del \u00e1rea de control y registro escolar, por sus aportaciones laborales y a\u00f1os de servicio.<\/p>\n<p>Durante este evento, realizado en el Teatro Universitario y organizado por la Secretar\u00eda de Autorrealizaci\u00f3n dentro del Programa Universitario para la Autorrealizaci\u00f3n y la Igualdad de G\u00e9nero (PUAIG), el Mtro. Reyes C\u00f3rdoba record\u00f3 que la situaci\u00f3n actual que vive la mujer no ha sido una tarea f\u00e1cil en la b\u00fasqueda de mejores condiciones de vida.<\/p>\n<p>A ellas se les conoce por los diferentes roles que juegan en la vida y en el desarrollo de un pa\u00eds; hoy d\u00eda, hablar de las mujeres es referirse a la inteligencia, al talento, a la capacidad y dedicaci\u00f3n en varias esferas del quehacer humano, refiri\u00f3.<\/p>\n<p>El Rector de la UAT reiter\u00f3 que el g\u00e9nero femenino ha cambiado para bien su perspectiva de vida, hoy tiene otros intereses que la hacen crecer, proponer, tomar decisiones, guiar a su familia y ser un ente innovador y competitivo.<\/p>\n<p>Al hacer uso de la palabra el Dr. Ernesto Meza Sierra, Secretario de Autorrealizaci\u00f3n, mencion\u00f3 que actualmente las mujeres desempe\u00f1an un papel clave a la hora de construir sociedades pac\u00edficas y sostenibles, por ello dijo, debemos asegurar que participen y disfruten plenamente de la igualdad de derechos en todos los dominios.<\/p>\n<p>En su oportunidad la Dra. Edith Mendieta Mendieta, Coordinadora del Programa Universitario para la Autorrealizaci\u00f3n y la Igualdad de G\u00e9nero, enfatiz\u00f3 que la entrega del reconocimiento \u201cPaulina Maraver\u201d debe llenarles de satisfacci\u00f3n, puesto que \u00e9sta destacada tlaxcalteca se distingui\u00f3 por ser una revolucionaria de su tiempo, nacida en el a\u00f1o 1867 en Huamantla.<\/p>\n<p>Adem\u00e1s, fue una pedagoga innovadora y propositiva por sus ideales, se gradu\u00f3 como profesora normalista en Puebla, ejerci\u00f3 la docencia en San Mart\u00edn Texmelucan, en Zacatl\u00e1n y la subdirecci\u00f3n de la Normal del Estado. Fund\u00f3 el colegio \u00abPestalozzi\u00bb al ser cesada de su cargo por apoyar la causa maderista; fue consejera de Don Aquiles Serd\u00e1n en materia educativa y sus restos descansan en la rotonda dise\u00f1ada a los veteranos de la Revoluci\u00f3n.<\/p>\n<p>Por su parte, la Dra. Margarita Mart\u00ednez G\u00f3mez, a nombre de las galardonadas, expres\u00f3 que desde su \u00e1mbito respectivo, trabajan en la b\u00fasqueda de explicaciones cient\u00edficas para abatir las diferencias de igualdad entre hombres y mujeres.<\/p>\n<p>En el acto, se cont\u00f3 con la presencia de la Mtra. Samantha Vi\u00f1as Landa, Secretaria de Investigaci\u00f3n Cient\u00edfica y Posgrado; de la Lic. Gabriela Mateos G\u00f3mez, Secretaria de Rector\u00eda; de la Mtra. Elvia Bello Aguilar, Presidenta del Voluntariado de la UAT; de la Dra. Elvia Ortiz Ortiz, Presidenta de la Academia de Autorrealizaci\u00f3n; as\u00ed como de la estructura universitaria, investigadores, docentes, alumnos y trabajadores de diversas \u00e1reas de la Instituci\u00f3n.<\/p>\n<p>Como parte del programa de actividades, se disert\u00f3 el tema: Los Derechos Humanos de las mujeres y la construcci\u00f3n de su identidad, a cargo de la Mtra. Martha Walkyria Torres Falc\u00f3n, y se present\u00f3 la obra teatral: \u201cAy amor, \u00bfPor qu\u00e9 me dueles?\u201d<\/p>\n","protected":false},"excerpt":{"rendered":"<p>En el marco del D\u00eda Internacional de la Mujer, el Mtro. Rub\u00e9n Reyes C\u00f3rdoba, Rector de la Universidad Aut\u00f3noma de Tlaxcala (UAT), entreg\u00f3 el reconocimiento \u201cPaulina Maraver\u201d a ocho distinguidas universitarias por su trascendente trayectoria dentro de la Instituci\u00f3n y el \u00e1mbito de la educaci\u00f3n superior en diferentes disciplinas.<br \/>\n Las galardonadas fueron: la Mtra. Rosa Romero Olivera, Directora del grupo art\u00edstico de danza contempor\u00e1nea de la UAT, en la categor\u00eda de arte y cultura; Miriam Libertad Lim\u00f3n Montiel, estudiante de la Licenciatura en Administraci\u00f3n, por excelencia acad\u00e9mica y labor social; Victoria Palacios Carrillo, colaboradora del Departamento de Actividades Deportivas y Recreativas (DADYR), as\u00ed como Nohem\u00ed Milacatl Milacatl, estudiante de la Licenciatura en Administraci\u00f3n, en el rubro de salud y deporte.<\/p>\n","protected":false},"author":2,"featured_media":42737,"comment_status":"open","ping_status":"open","sticky":false,"template":"","format":"standard","meta":{"footnotes":""},"categories":[4],"tags":[],"class_list":["post-42736","post","type-post","status-publish","format-standard","has-post-thumbnail","hentry","category-local"],"_links":{"self":[{"href":"https:\/\/www.contextosdigital.com\/index.php?rest_route=\/wp\/v2\/posts\/42736","targetHints":{"allow":["GET"]}}],"collection":[{"href":"https:\/\/www.contextosdigital.com\/index.php?rest_route=\/wp\/v2\/posts"}],"about":[{"href":"https:\/\/www.contextosdigital.com\/index.php?rest_route=\/wp\/v2\/types\/post"}],"author":[{"embeddable":true,"href":"https:\/\/www.contextosdigital.com\/index.php?rest_route=\/wp\/v2\/users\/2"}],"replies":[{"embeddable":true,"href":"https:\/\/www.contextosdigital.com\/index.php?rest_route=%2Fwp%2Fv2%2Fcomments&post=42736"}],"version-history":[{"count":1,"href":"https:\/\/www.contextosdigital.com\/index.php?rest_route=\/wp\/v2\/posts\/42736\/revisions"}],"predecessor-version":[{"id":42738,"href":"https:\/\/www.contextosdigital.com\/index.php?rest_route=\/wp\/v2\/posts\/42736\/revisions\/42738"}],"wp:featuredmedia":[{"embeddable":true,"href":"https:\/\/www.contextosdigital.com\/index.php?rest_route=\/wp\/v2\/media\/42737"}],"wp:attachment":[{"href":"https:\/\/www.contextosdigital.com\/index.php?rest_route=%2Fwp%2Fv2%2Fmedia&parent=42736"}],"wp:term":[{"taxonomy":"category","embeddable":true,"href":"https:\/\/www.contextosdigital.com\/index.php?rest_route=%2Fwp%2Fv2%2Fcategories&post=42736"},{"taxonomy":"post_tag","embeddable":true,"href":"https:\/\/www.contextosdigital.com\/index.php?rest_route=%2Fwp%2Fv2%2Ftags&post=42736"}],"curies":[{"name":"wp","href":"https:\/\/api.w.org\/{rel}","templated":true}]}}