{"id":42733,"date":"2016-03-09T09:07:28","date_gmt":"2016-03-09T14:07:28","guid":{"rendered":"http:\/\/www.contextosdigital.com\/?p=42733"},"modified":"2016-03-09T09:07:28","modified_gmt":"2016-03-09T14:07:28","slug":"ratifica-mgz-compromiso-por-garantizar-a-las-mujeres-su-plena-insercion-al-ambito-laboral","status":"publish","type":"post","link":"https:\/\/www.contextosdigital.com\/?p=42733","title":{"rendered":"Ratifica MGZ compromiso por garantizar a las mujeres su plena inserci\u00f3n al \u00e1mbito laboral"},"content":{"rendered":"<p>En el marco del \u201cD\u00eda Internacional de la Mujer\u201d, el Gobernador Mariano Gonz\u00e1lez Zarur inaugur\u00f3 la feria del empleo dirigida a este sector de la poblaci\u00f3n que organiz\u00f3 en Apizaco el Sistema Estatal de Promoci\u00f3n del Empleo y Desarrollo Comunitario (Sepuede), evento en el que recalc\u00f3 su compromiso por ejecutar pol\u00edticas p\u00fablicas que asegure a las tlaxcaltecas plena equidad de g\u00e9nero.<\/p>\n<p>Durante este evento, celebrado en el auditorio \u201cEmilio S\u00e1nchez Piedras\u201d, el Mandatario \u2013quien estuvo acompa\u00f1ado por la Presidente Honor\u00edfica del Sistema Estatal para el Desarrollo Integral de la Familia (DIF), Mariana Gonz\u00e1lez Foullon- puntualiz\u00f3 que desde el inicio de su administraci\u00f3n se cumple con el compromiso de crear las condiciones necesarias para que las mujeres tengan acceso a oportunidades laborales que les garanticen un adecuado nivel y calidad de vida.<\/p>\n<p>En este sentido, Gonz\u00e1lez Zarur destac\u00f3 los resultados del Programa de Empleo Temporal (PET) que desde su implementaci\u00f3n apoy\u00f3 a siete mil 300 mujeres, quienes recibieron una remuneraci\u00f3n al ejecutar acciones de limpieza en el Parque Nacional Malinche (PNM), con lo que el Gobierno del Estado coadyuva al bienestar e independencia econ\u00f3mica de las beneficiarias.<\/p>\n<p>Asimismo, detall\u00f3 que, de 2011 a 2015, el Sepuede -a trav\u00e9s del Servicio Nacional del Empleo (SNE)- atendi\u00f3 21 mil 66 solicitudes de mujeres, a quienes se les vincul\u00f3 con mil 102 empresas, lo que permiti\u00f3 generar nueve mil 504 fuentes laborales.<\/p>\n<p>El Jefe del Ejecutivo recalc\u00f3 las acciones de supervisi\u00f3n de empresas que realiza su administraci\u00f3n, en coordinaci\u00f3n con la delegaci\u00f3n de la Secretar\u00eda del Trabajo y Previsi\u00f3n Social (Styps), a fin de que se garanticen los derechos laborales de las mujeres y tambi\u00e9n se erradique el hostigamiento o discriminaci\u00f3n.<\/p>\n<p>Gonz\u00e1lez Zarur enfatiz\u00f3 que en lo que resta de su administraci\u00f3n continuar\u00e1 con el trabajo y acciones encaminadas a la total eliminaci\u00f3n de cualquier tipo de violencia hacia este sector, y asever\u00f3 que en Tlaxcala no puede haber progreso sin el esfuerzo y solidaridad de las mujeres.<\/p>\n<p>En su mensaje, la titular del Sepuede, Maricela Cuapio Cote, puntualiz\u00f3 que esta feria del empleo se realiz\u00f3 con el objetivo de facilitar el encuentro entre las mujeres, empresas e instituciones y, por ende, permitir el acceso a fuentes de empleo formal, con lo que la dependencia a su cargo cumple a cabalidad con la instrucci\u00f3n del Mandatario.<\/p>\n<p>Por su parte, la delegada de la Styps, Viviana Barbosa Bonola, enfatiz\u00f3 que el compromiso del Gobierno de la Rep\u00fablica y del Presidente, Enrique Pe\u00f1a Nieto, es continuar con la lucha\u00a0 por la igualdad en las oportunidades para las mujeres, adem\u00e1s de generar, con este tipo de ferias, empleos de calidad para este sector.<\/p>\n<p>Cabe resaltar que en esta \u201cFeria del Empleo para Mujeres\u201d un total de 45 empresas y tres instituciones ofertaron 760 vacantes para diversos niveles de escolaridad, por lo que se trat\u00f3 de un evento plenamente incluyente.<\/p>\n<p>A este evento acudieron el presidente municipal de Apizaco, Jorge Luis V\u00e1zquez Rodr\u00edguez; la Secretar\u00eda de Turismo y Desarrollo Econ\u00f3mico, Kathya Torres V\u00e1zquez, as\u00ed como buscadoras de empleo.<\/p>\n","protected":false},"excerpt":{"rendered":"<p>En el marco del \u201cD\u00eda Internacional de la Mujer\u201d, el Gobernador Mariano Gonz\u00e1lez Zarur inaugur\u00f3 la feria del empleo dirigida a este sector de la poblaci\u00f3n que organiz\u00f3 en Apizaco el Sistema Estatal de Promoci\u00f3n del Empleo y Desarrollo Comunitario (Sepuede), evento en el que recalc\u00f3 su compromiso por ejecutar pol\u00edticas p\u00fablicas que asegure a las tlaxcaltecas plena equidad de g\u00e9nero.<br \/>\n Durante este evento, celebrado en el auditorio \u201cEmilio S\u00e1nchez Piedras\u201d, el Mandatario \u2013quien estuvo acompa\u00f1ado por la Presidente Honor\u00edfica del Sistema Estatal para el Desarrollo Integral de la Familia (DIF), Mariana Gonz\u00e1lez Foullon- puntualiz\u00f3 que desde el inicio de su administraci\u00f3n se cumple con el compromiso de crear las condiciones necesarias para que las mujeres tengan acceso a oportunidades laborales que les garanticen un adecuado nivel y calidad de vida.<\/p>\n","protected":false},"author":2,"featured_media":42734,"comment_status":"open","ping_status":"open","sticky":false,"template":"","format":"standard","meta":{"footnotes":""},"categories":[4],"tags":[],"class_list":["post-42733","post","type-post","status-publish","format-standard","has-post-thumbnail","hentry","category-local"],"_links":{"self":[{"href":"https:\/\/www.contextosdigital.com\/index.php?rest_route=\/wp\/v2\/posts\/42733","targetHints":{"allow":["GET"]}}],"collection":[{"href":"https:\/\/www.contextosdigital.com\/index.php?rest_route=\/wp\/v2\/posts"}],"about":[{"href":"https:\/\/www.contextosdigital.com\/index.php?rest_route=\/wp\/v2\/types\/post"}],"author":[{"embeddable":true,"href":"https:\/\/www.contextosdigital.com\/index.php?rest_route=\/wp\/v2\/users\/2"}],"replies":[{"embeddable":true,"href":"https:\/\/www.contextosdigital.com\/index.php?rest_route=%2Fwp%2Fv2%2Fcomments&post=42733"}],"version-history":[{"count":1,"href":"https:\/\/www.contextosdigital.com\/index.php?rest_route=\/wp\/v2\/posts\/42733\/revisions"}],"predecessor-version":[{"id":42735,"href":"https:\/\/www.contextosdigital.com\/index.php?rest_route=\/wp\/v2\/posts\/42733\/revisions\/42735"}],"wp:featuredmedia":[{"embeddable":true,"href":"https:\/\/www.contextosdigital.com\/index.php?rest_route=\/wp\/v2\/media\/42734"}],"wp:attachment":[{"href":"https:\/\/www.contextosdigital.com\/index.php?rest_route=%2Fwp%2Fv2%2Fmedia&parent=42733"}],"wp:term":[{"taxonomy":"category","embeddable":true,"href":"https:\/\/www.contextosdigital.com\/index.php?rest_route=%2Fwp%2Fv2%2Fcategories&post=42733"},{"taxonomy":"post_tag","embeddable":true,"href":"https:\/\/www.contextosdigital.com\/index.php?rest_route=%2Fwp%2Fv2%2Ftags&post=42733"}],"curies":[{"name":"wp","href":"https:\/\/api.w.org\/{rel}","templated":true}]}}