{"id":42724,"date":"2016-03-09T09:02:39","date_gmt":"2016-03-09T14:02:39","guid":{"rendered":"http:\/\/www.contextosdigital.com\/?p=42724"},"modified":"2016-03-09T09:02:39","modified_gmt":"2016-03-09T14:02:39","slug":"visita-mgf-desayunador-de-la-primaria-paulina-maravel-cortes-en-huamantla","status":"publish","type":"post","link":"https:\/\/www.contextosdigital.com\/?p=42724","title":{"rendered":"Visita MGF desayunador de la primaria \u201cPaulina Maravel Cort\u00e9s\u201d en Huamantla"},"content":{"rendered":"<p>Al visitar el desayunador de la primaria \u201cPaulina Maravel Cort\u00e9s\u201d, de la comunidad de San Jos\u00e9 Xicoht\u00e9ncatl, municipio de Huamantla, la Presidente Honor\u00edfica del Sistema Estatal para el Desarrollo Integral de la Familia (DIF), Mariana Gonz\u00e1lez Foullon, refrend\u00f3 el compromiso del Gobierno del Estado de trabajar por el bienestar integral de la ni\u00f1ez tlaxcalteca.<\/p>\n<p>Ante alumnos, docentes y padres de familia, Gonz\u00e1lez Foullon asever\u00f3 que a trav\u00e9s del programa \u201cDesayunos Escolares\u201d, que opera la dependencia a su cargo, se brinda a los infantes alimentos sanos y suficientes, pues una adecuada nutrici\u00f3n es\u00a0 un factor prioritario para su crecimiento y desempe\u00f1o escolar.<\/p>\n<p>\u201cPara el Gobierno que encabeza Mariano Gonz\u00e1lez Zarur es una prioridad establecer acciones que cuiden de la salud de cada infante\u201d, expres\u00f3 la Presidente.<\/p>\n<p>En su intervenci\u00f3n, la directora de este plantel, Petra G\u00f3mez L\u00f3pez, reconoci\u00f3 el trabajo de la administraci\u00f3n estatal, as\u00ed como su inter\u00e9s por que los alumnos gocen de un desarrollo y bienestar integral.<\/p>\n<p>Asimismo, Carlos Calder\u00f3n Olivares, a nombre de los estudiantes, manifest\u00f3 su alegr\u00eda por que en su escuela ya se cuenta con este desayunador que beneficiar\u00e1 a una matr\u00edcula de 197 menores.<\/p>\n<p>\u201cGracias a la licenciada Mariana por su gesti\u00f3n para la construcci\u00f3n del desayunador y estar al pendiente de los ni\u00f1os, de esta forma tendremos un mejor desempe\u00f1o escolar, as\u00ed como al Gobernador por el trabajo que lleva a cabo en el Estado\u201d, afirm\u00f3.<\/p>\n<p>Este es un desayunador que operar\u00e1 en la modalidad caliente, donde los estudiantes tambi\u00e9n recibir\u00e1n una despensa, con una cuota de recuperaci\u00f3n, as\u00ed como otros alimentos balanceados.<\/p>\n","protected":false},"excerpt":{"rendered":"<p>Al visitar el desayunador de la primaria \u201cPaulina Maravel Cort\u00e9s\u201d, de la comunidad de San Jos\u00e9 Xicoht\u00e9ncatl, municipio de Huamantla, la Presidente Honor\u00edfica del Sistema Estatal para el Desarrollo Integral de la Familia (DIF), Mariana Gonz\u00e1lez Foullon, refrend\u00f3 el compromiso del Gobierno del Estado de trabajar por el bienestar integral de la ni\u00f1ez tlaxcalteca.<br \/>\nAnte alumnos, docentes y padres de familia, Gonz\u00e1lez Foullon asever\u00f3 que a trav\u00e9s del programa \u201cDesayunos Escolares\u201d, que opera la dependencia a su cargo, se brinda a los infantes alimentos sanos y suficientes, pues una adecuada nutrici\u00f3n es  un factor prioritario para su crecimiento y desempe\u00f1o escolar.<br \/>\n\u201cPara el Gobierno que encabeza Mariano Gonz\u00e1lez Zarur es una prioridad establecer acciones que cuiden de la salud de cada infante\u201d, expres\u00f3 la Presidente.<br \/>\nEn su intervenci\u00f3n, la directora de este plantel, Petra G\u00f3mez L\u00f3pez, reconoci\u00f3 el trabajo de la administraci\u00f3n estatal, as\u00ed como su inter\u00e9s por que los alumnos gocen de un desarrollo y bienestar integral.<\/p>\n","protected":false},"author":2,"featured_media":42725,"comment_status":"open","ping_status":"open","sticky":false,"template":"","format":"standard","meta":{"footnotes":""},"categories":[4],"tags":[],"class_list":["post-42724","post","type-post","status-publish","format-standard","has-post-thumbnail","hentry","category-local"],"_links":{"self":[{"href":"https:\/\/www.contextosdigital.com\/index.php?rest_route=\/wp\/v2\/posts\/42724","targetHints":{"allow":["GET"]}}],"collection":[{"href":"https:\/\/www.contextosdigital.com\/index.php?rest_route=\/wp\/v2\/posts"}],"about":[{"href":"https:\/\/www.contextosdigital.com\/index.php?rest_route=\/wp\/v2\/types\/post"}],"author":[{"embeddable":true,"href":"https:\/\/www.contextosdigital.com\/index.php?rest_route=\/wp\/v2\/users\/2"}],"replies":[{"embeddable":true,"href":"https:\/\/www.contextosdigital.com\/index.php?rest_route=%2Fwp%2Fv2%2Fcomments&post=42724"}],"version-history":[{"count":1,"href":"https:\/\/www.contextosdigital.com\/index.php?rest_route=\/wp\/v2\/posts\/42724\/revisions"}],"predecessor-version":[{"id":42726,"href":"https:\/\/www.contextosdigital.com\/index.php?rest_route=\/wp\/v2\/posts\/42724\/revisions\/42726"}],"wp:featuredmedia":[{"embeddable":true,"href":"https:\/\/www.contextosdigital.com\/index.php?rest_route=\/wp\/v2\/media\/42725"}],"wp:attachment":[{"href":"https:\/\/www.contextosdigital.com\/index.php?rest_route=%2Fwp%2Fv2%2Fmedia&parent=42724"}],"wp:term":[{"taxonomy":"category","embeddable":true,"href":"https:\/\/www.contextosdigital.com\/index.php?rest_route=%2Fwp%2Fv2%2Fcategories&post=42724"},{"taxonomy":"post_tag","embeddable":true,"href":"https:\/\/www.contextosdigital.com\/index.php?rest_route=%2Fwp%2Fv2%2Ftags&post=42724"}],"curies":[{"name":"wp","href":"https:\/\/api.w.org\/{rel}","templated":true}]}}