{"id":42718,"date":"2016-03-09T08:59:55","date_gmt":"2016-03-09T13:59:55","guid":{"rendered":"http:\/\/www.contextosdigital.com\/?p=42718"},"modified":"2016-03-09T08:59:55","modified_gmt":"2016-03-09T13:59:55","slug":"realizan-en-chiautempan-trabajos-de-bacheo","status":"publish","type":"post","link":"https:\/\/www.contextosdigital.com\/?p=42718","title":{"rendered":"Realizan en Chiautempan trabajos de bacheo."},"content":{"rendered":"<p>Como parte de los trabajos que realiza el Ayuntamiento de Chaiutempan, de la actual administraci\u00f3n que es encabezada por el alcalde Antonio Mendoza Romero, a trav\u00e9s de la direcci\u00f3n de obras p\u00fablicas, se comenzaron trabajos de bacheo en la zona centro de la cabecera municipal.<\/p>\n<p>As\u00ed lo coment\u00f3 Jos\u00e9 Luis Zecua Ortiz, director de dicha \u00e1rea, quien adem\u00e1s abund\u00f3 que durante la primera semana de marzo se han abarcado las calles Manuel Salda\u00f1a, entre Tlahuicole y Xicoht\u00e9ncatl, Calle Hidalgo, Morelos y Doctor Ru\u00edz Hern\u00e1ndez, adem\u00e1s en pr\u00f3ximos d\u00edas se espera abarcar m\u00e1s de cuatro mil metros cuadrados en trabajos de bacheo tanto en la zona centro de la ciudad chiautempense y comunidades como El Alto, Reforma, Chalma e Ixcotla por mencionar algunas.<\/p>\n<p>En este contexto abund\u00f3 que para realizar estos trabajos se estar\u00e1n invirtiendo poco m\u00e1s de cien mil pesos de recursos propios del ayuntamiento. As\u00ed mismo hizo un llamado a la ciudadan\u00eda a ser pacientes y optar por v\u00edas alternas si se encuentran con un cierre parcial de alguna calle que se est\u00e9 reparando.<\/p>\n","protected":false},"excerpt":{"rendered":"<p>Como parte de los trabajos que realiza el Ayuntamiento de Chaiutempan, de la actual administraci\u00f3n que es encabezada por el alcalde Antonio Mendoza Romero, a trav\u00e9s de la direcci\u00f3n de obras p\u00fablicas, se comenzaron trabajos de bacheo en la zona centro de la cabecera municipal.<br \/>\nAs\u00ed lo coment\u00f3 Jos\u00e9 Luis Zecua Ortiz, director de dicha \u00e1rea, quien adem\u00e1s abund\u00f3 que durante la primera semana de marzo se han abarcado las calles Manuel Salda\u00f1a, entre Tlahuicole y Xicoht\u00e9ncatl, Calle Hidalgo, Morelos y Doctor Ru\u00edz Hern\u00e1ndez, adem\u00e1s en pr\u00f3ximos d\u00edas se espera abarcar m\u00e1s de cuatro mil metros cuadrados en trabajos de bacheo tanto en la zona centro de la ciudad chiautempense y comunidades como El Alto, Reforma, Chalma e Ixcotla por mencionar algunas.<\/p>\n","protected":false},"author":2,"featured_media":42719,"comment_status":"open","ping_status":"open","sticky":false,"template":"","format":"standard","meta":{"footnotes":""},"categories":[4],"tags":[],"class_list":["post-42718","post","type-post","status-publish","format-standard","has-post-thumbnail","hentry","category-local"],"_links":{"self":[{"href":"https:\/\/www.contextosdigital.com\/index.php?rest_route=\/wp\/v2\/posts\/42718","targetHints":{"allow":["GET"]}}],"collection":[{"href":"https:\/\/www.contextosdigital.com\/index.php?rest_route=\/wp\/v2\/posts"}],"about":[{"href":"https:\/\/www.contextosdigital.com\/index.php?rest_route=\/wp\/v2\/types\/post"}],"author":[{"embeddable":true,"href":"https:\/\/www.contextosdigital.com\/index.php?rest_route=\/wp\/v2\/users\/2"}],"replies":[{"embeddable":true,"href":"https:\/\/www.contextosdigital.com\/index.php?rest_route=%2Fwp%2Fv2%2Fcomments&post=42718"}],"version-history":[{"count":1,"href":"https:\/\/www.contextosdigital.com\/index.php?rest_route=\/wp\/v2\/posts\/42718\/revisions"}],"predecessor-version":[{"id":42720,"href":"https:\/\/www.contextosdigital.com\/index.php?rest_route=\/wp\/v2\/posts\/42718\/revisions\/42720"}],"wp:featuredmedia":[{"embeddable":true,"href":"https:\/\/www.contextosdigital.com\/index.php?rest_route=\/wp\/v2\/media\/42719"}],"wp:attachment":[{"href":"https:\/\/www.contextosdigital.com\/index.php?rest_route=%2Fwp%2Fv2%2Fmedia&parent=42718"}],"wp:term":[{"taxonomy":"category","embeddable":true,"href":"https:\/\/www.contextosdigital.com\/index.php?rest_route=%2Fwp%2Fv2%2Fcategories&post=42718"},{"taxonomy":"post_tag","embeddable":true,"href":"https:\/\/www.contextosdigital.com\/index.php?rest_route=%2Fwp%2Fv2%2Ftags&post=42718"}],"curies":[{"name":"wp","href":"https:\/\/api.w.org\/{rel}","templated":true}]}}