{"id":42715,"date":"2016-03-09T08:58:50","date_gmt":"2016-03-09T13:58:50","guid":{"rendered":"http:\/\/www.contextosdigital.com\/?p=42715"},"modified":"2016-03-09T08:58:50","modified_gmt":"2016-03-09T13:58:50","slug":"conmemora-sesa-dia-internacional-de-la-mujer","status":"publish","type":"post","link":"https:\/\/www.contextosdigital.com\/?p=42715","title":{"rendered":"Conmemora SESA D\u00eda Internacional de la Mujer"},"content":{"rendered":"<p>En el marco de la conmemoraci\u00f3n por el D\u00eda Internacional de la Mujer, la Secretar\u00eda de Salud del estado (Sesa) organiz\u00f3 una conferencia denominada \u201cReforzando la protecci\u00f3n integral en salud con perspectiva de g\u00e9nero\u201d, a efecto de otorgar las herramientas necesarias para transversalizar la perspectiva de g\u00e9nero en los servicios de salud, y sensibilizar a los trabajadores del ramo.<\/p>\n<p>As\u00ed lo inform\u00f3 la jefa de oficina de Equidad de G\u00e9nero y Salud Reproductiva de la Sesa, Saira D\u00edaz P\u00e9rez, al mencionar que de esta forma las personas que acuden a las unidades m\u00e9dicas de primer y segundo nivel reciban una atenci\u00f3n\u00a0 igualitaria, con respeto y calidad, pues este es uno de los ejes fundamentales para eliminar las brechas de g\u00e9nero.<\/p>\n<p>\u201cBuscamos reforzar el empoderamiento y autocuidado f\u00edsico-psico social\u00a0 en la salud de las mujeres, ni\u00f1as, as\u00ed como de hombres y ni\u00f1os, no olvidemos que el D\u00eda Internacional de la Mujer busca fundamentalmente llamar la atenci\u00f3n sobre los obst\u00e1culos que todav\u00eda impiden a las mujeres disfrutar todos sus derechos de manera consciente\u201d, cit\u00f3.<\/p>\n<p>Por su parte, el Director de Planeaci\u00f3n de la Sesa, Hip\u00f3lito S\u00e1nchez Hern\u00e1ndez, inform\u00f3 que el Gobernador del Estado, Mariano Gonz\u00e1lez Zarur, refrenda su compromiso de promover el derecho de las personas a una vida libre de violencia contra las mujeres, trabajar para su erradicaci\u00f3n y crear condiciones favorables que garanticen su integridad con la reafirmaci\u00f3n de sus derechos en todos los \u00e1mbitos de la sociedad.<\/p>\n<p>Reconoci\u00f3 a los trabajadores y las trabajadoras del sector salud por su compromiso\u00a0 con la labor diaria de transformar la vida de las personas, al cultivar una pol\u00edtica institucional de inclusi\u00f3n equitativa a los servicios de salud.<\/p>\n<p>Por su parte,\u00a0 la Directora de Promoci\u00f3n de la Salud de la Sesa, Claudia Salamanca V\u00e1zquez, manifest\u00f3 que el\u00a0 D\u00eda Internacional de la Mujer es una ocasi\u00f3n para reflexionar sobre los avances conseguidos, exigir cambios y celebrar los actos de valor y decisi\u00f3n de quienes han desempe\u00f1ado una funci\u00f3n extraordinaria en la historia.<\/p>\n<p>As\u00ed, extendi\u00f3 una invitaci\u00f3n para que desde los hogares se eduquen y traten de igual forma a los hijos e hijas, con las mismas responsabilidades para propiciar la igualdad de g\u00e9nero.<\/p>\n","protected":false},"excerpt":{"rendered":"<p>En el marco de la conmemoraci\u00f3n por el D\u00eda Internacional de la Mujer, la Secretar\u00eda de Salud del estado (Sesa) organiz\u00f3 una conferencia denominada \u201cReforzando la protecci\u00f3n integral en salud con perspectiva de g\u00e9nero\u201d, a efecto de otorgar las herramientas necesarias para transversalizar la perspectiva de g\u00e9nero en los servicios de salud, y sensibilizar a los trabajadores del ramo.<br \/>\nAs\u00ed lo inform\u00f3 la jefa de oficina de Equidad de G\u00e9nero y Salud Reproductiva de la Sesa, Saira D\u00edaz P\u00e9rez, al mencionar que de esta forma las personas que acuden a las unidades m\u00e9dicas de primer y segundo nivel reciban una atenci\u00f3n  igualitaria, con respeto y calidad, pues este es uno de los ejes fundamentales para eliminar las brechas de g\u00e9nero.<\/p>\n","protected":false},"author":2,"featured_media":42716,"comment_status":"open","ping_status":"open","sticky":false,"template":"","format":"standard","meta":{"footnotes":""},"categories":[4],"tags":[],"class_list":["post-42715","post","type-post","status-publish","format-standard","has-post-thumbnail","hentry","category-local"],"_links":{"self":[{"href":"https:\/\/www.contextosdigital.com\/index.php?rest_route=\/wp\/v2\/posts\/42715","targetHints":{"allow":["GET"]}}],"collection":[{"href":"https:\/\/www.contextosdigital.com\/index.php?rest_route=\/wp\/v2\/posts"}],"about":[{"href":"https:\/\/www.contextosdigital.com\/index.php?rest_route=\/wp\/v2\/types\/post"}],"author":[{"embeddable":true,"href":"https:\/\/www.contextosdigital.com\/index.php?rest_route=\/wp\/v2\/users\/2"}],"replies":[{"embeddable":true,"href":"https:\/\/www.contextosdigital.com\/index.php?rest_route=%2Fwp%2Fv2%2Fcomments&post=42715"}],"version-history":[{"count":1,"href":"https:\/\/www.contextosdigital.com\/index.php?rest_route=\/wp\/v2\/posts\/42715\/revisions"}],"predecessor-version":[{"id":42717,"href":"https:\/\/www.contextosdigital.com\/index.php?rest_route=\/wp\/v2\/posts\/42715\/revisions\/42717"}],"wp:featuredmedia":[{"embeddable":true,"href":"https:\/\/www.contextosdigital.com\/index.php?rest_route=\/wp\/v2\/media\/42716"}],"wp:attachment":[{"href":"https:\/\/www.contextosdigital.com\/index.php?rest_route=%2Fwp%2Fv2%2Fmedia&parent=42715"}],"wp:term":[{"taxonomy":"category","embeddable":true,"href":"https:\/\/www.contextosdigital.com\/index.php?rest_route=%2Fwp%2Fv2%2Fcategories&post=42715"},{"taxonomy":"post_tag","embeddable":true,"href":"https:\/\/www.contextosdigital.com\/index.php?rest_route=%2Fwp%2Fv2%2Ftags&post=42715"}],"curies":[{"name":"wp","href":"https:\/\/api.w.org\/{rel}","templated":true}]}}