{"id":42712,"date":"2016-03-09T08:57:04","date_gmt":"2016-03-09T13:57:04","guid":{"rendered":"http:\/\/www.contextosdigital.com\/?p=42712"},"modified":"2016-03-09T08:57:04","modified_gmt":"2016-03-09T13:57:04","slug":"invitan-a-clase-gratuita-de-capoeira-en-chiautempan","status":"publish","type":"post","link":"https:\/\/www.contextosdigital.com\/?p=42712","title":{"rendered":"Invitan a clase gratuita de capoeira en Chiautempan."},"content":{"rendered":"<p>Como parte de las actividades que realiza de manera permanente la direcci\u00f3n de deportes de Chiautempan, de la actual administraci\u00f3n que es encabezada por el alcalde Antonio Mendoza Romero, se ofrecer\u00e1 una clase gratuita de capoeira el pr\u00f3ximo mi\u00e9rcoles 09 de marzo para todo el p\u00fablico en general a las 6:30 p.m.<\/p>\n<p>As\u00ed lo coment\u00f3 Luis Rojas Mu\u00f1oz, director de dicha \u00e1rea, quien adem\u00e1s abund\u00f3 que tal clase ser\u00e1 impartida por el grupo Caporigem, quienes forman parte de la gama de los cursos y talleres que se ofrecen para promover la activaci\u00f3n f\u00edsica a trav\u00e9s de diversas disciplinas deportivas en las instalaciones de la unidad deportiva Pr\u00f3spero Cahuantzi, tambi\u00e9n conocido como ESPI.<\/p>\n<p>Rojas Mu\u00f1oz mencion\u00f3 que las clases son impartidas por instructores que cuentan con amplia experiencia y conocimiento en la disciplina brasile\u00f1a, quienes se interesen en integrarse a dicha pr\u00e1ctica deportiva solo deben cubrir un bajo costo de recuperaci\u00f3n los d\u00edas lunes, mi\u00e9rcoles y viernes a las 9:30 a.m. y 6:30 p.m., as\u00ed como los d\u00edas s\u00e1bados a las 11:00 a.m. en las instalaciones del deportivo Pr\u00f3spero Cahuantzi y acudir con ropa c\u00f3moda o deportiva para realizar los ejercicios aer\u00f3bicos que conlleva el capoeira.<\/p>\n","protected":false},"excerpt":{"rendered":"<p>Como parte de las actividades que realiza de manera permanente la direcci\u00f3n de deportes de Chiautempan, de la actual administraci\u00f3n que es encabezada por el alcalde Antonio Mendoza Romero, se ofrecer\u00e1 una clase gratuita de capoeira el pr\u00f3ximo mi\u00e9rcoles 09 de marzo para todo el p\u00fablico en general a las 6:30 p.m.<br \/>\nAs\u00ed lo coment\u00f3 Luis Rojas Mu\u00f1oz, director de dicha \u00e1rea, quien adem\u00e1s abund\u00f3 que tal clase ser\u00e1 impartida por el grupo Caporigem, quienes forman parte de la gama de los cursos y talleres que se ofrecen para promover la activaci\u00f3n f\u00edsica a trav\u00e9s de diversas disciplinas deportivas en las instalaciones de la unidad deportiva Pr\u00f3spero Cahuantzi<\/p>\n","protected":false},"author":2,"featured_media":42713,"comment_status":"open","ping_status":"open","sticky":false,"template":"","format":"standard","meta":{"footnotes":""},"categories":[4],"tags":[],"class_list":["post-42712","post","type-post","status-publish","format-standard","has-post-thumbnail","hentry","category-local"],"_links":{"self":[{"href":"https:\/\/www.contextosdigital.com\/index.php?rest_route=\/wp\/v2\/posts\/42712","targetHints":{"allow":["GET"]}}],"collection":[{"href":"https:\/\/www.contextosdigital.com\/index.php?rest_route=\/wp\/v2\/posts"}],"about":[{"href":"https:\/\/www.contextosdigital.com\/index.php?rest_route=\/wp\/v2\/types\/post"}],"author":[{"embeddable":true,"href":"https:\/\/www.contextosdigital.com\/index.php?rest_route=\/wp\/v2\/users\/2"}],"replies":[{"embeddable":true,"href":"https:\/\/www.contextosdigital.com\/index.php?rest_route=%2Fwp%2Fv2%2Fcomments&post=42712"}],"version-history":[{"count":1,"href":"https:\/\/www.contextosdigital.com\/index.php?rest_route=\/wp\/v2\/posts\/42712\/revisions"}],"predecessor-version":[{"id":42714,"href":"https:\/\/www.contextosdigital.com\/index.php?rest_route=\/wp\/v2\/posts\/42712\/revisions\/42714"}],"wp:featuredmedia":[{"embeddable":true,"href":"https:\/\/www.contextosdigital.com\/index.php?rest_route=\/wp\/v2\/media\/42713"}],"wp:attachment":[{"href":"https:\/\/www.contextosdigital.com\/index.php?rest_route=%2Fwp%2Fv2%2Fmedia&parent=42712"}],"wp:term":[{"taxonomy":"category","embeddable":true,"href":"https:\/\/www.contextosdigital.com\/index.php?rest_route=%2Fwp%2Fv2%2Fcategories&post=42712"},{"taxonomy":"post_tag","embeddable":true,"href":"https:\/\/www.contextosdigital.com\/index.php?rest_route=%2Fwp%2Fv2%2Ftags&post=42712"}],"curies":[{"name":"wp","href":"https:\/\/api.w.org\/{rel}","templated":true}]}}