{"id":42707,"date":"2016-03-08T09:17:18","date_gmt":"2016-03-08T14:17:18","guid":{"rendered":"http:\/\/www.contextosdigital.com\/?p=42707"},"modified":"2016-03-08T09:17:18","modified_gmt":"2016-03-08T14:17:18","slug":"preside-mgz-arranque-de-la-jornada-de-entrega-de-auxiliares-auditivos-para-431-tlaxcaltecas","status":"publish","type":"post","link":"https:\/\/www.contextosdigital.com\/?p=42707","title":{"rendered":"Preside MGZ arranque de la Jornada de Entrega de Auxiliares Auditivos para 431 tlaxcaltecas"},"content":{"rendered":"<p>Al encabezar este lunes el arranque de la \u201cQuinta Jornada de Entrega de Auxiliares Auditivos\u201d, que en esta ocasi\u00f3n beneficiar\u00e1 a 431 tlaxcaltecas con la entrega de 646 aparatos como parte del programa \u201cPara O\u00edrte Mejor\u201d, el Gobernador del Estado, Mariano Gonz\u00e1lez Zarur, asever\u00f3 que estas acciones, que se ejecutan con el respaldo de la administraci\u00f3n federal, verdaderamente transforman la vida de quienes m\u00e1s necesitan de estos apoyos, adem\u00e1s\u00a0 contribuyen a fortalecer el desarrollo social integral y equitativo en la entidad.<\/p>\n<p>\u201cHemos demostrado, igual que el Presidente Enrique Pe\u00f1a Nieto, que los programas sociales son para la gente que lo necesita. Con estas acciones estamos trasformando la vida de miles de tlaxcaltecas y de mexicanos,\u00a0 d\u00e1ndoles una nueva realidad\u201d, expres\u00f3 el Mandatario.<\/p>\n<p>Durante el evento, celebrado en el sal\u00f3n Tlaxcala del centro expositor \u201cAdolfo L\u00f3pez Mateos\u201d, Gonz\u00e1lez Zarur recalc\u00f3 que para su administraci\u00f3n es prioridad preservar la salud y mejorar calidad de vida de la poblaci\u00f3n.<\/p>\n<p>Como ejemplo de ello cit\u00f3 la entrega de mil 119 auxiliares auditivos, de 2014 a la fecha, en apoyo de tlaxcaltecas de escasos recursos, resultado de la uni\u00f3n de esfuerzos entre el Gobierno del Estado y la Administraci\u00f3n del Patrimonio de la Beneficencia P\u00fablica (Apbp), a lo que se suma la distribuci\u00f3n de otros tres mil 500 auxiliares por parte del Sistema Estatal para el Desarrollo Integral de la Familia (DIF).<\/p>\n<p>\u201cGracias a estos esfuerzos muchos ni\u00f1os y ni\u00f1as, j\u00f3venes y adultos mayores han visto mejorar su calidad de vida y la de sus familias. Agradezco a las Beneficencias P\u00fablicas federal y estatal por esta labor altruista, a favor de quienes menos tienen\u201d, se\u00f1al\u00f3 el Jefe del Ejecutivo.<\/p>\n<p>Asimismo, el Mandatario \u2013quien en este evento estuvo acompa\u00f1ado por la Presidente Honor\u00edfica del DIF estatal, Mariana Gonz\u00e1lez Foullon-\u00a0 mencion\u00f3 que a esta labor altruista tambi\u00e9n se unen otras estrategias implementadas por el Gobierno que encabeza, a trav\u00e9s de la Secretar\u00eda de Salud (Sesa).<\/p>\n<p>\u201cComo este programa, aqu\u00ed en Tlaxcala hemos implementado otros que han tenido un gran impacto y beneficio social; por ejemplo, con las jornadas de operaciones de catarata hemos beneficiado a 342 personas y se han realizado dos jornadas de pr\u00f3tesis de cadera y de rodilla, y a trav\u00e9s de unidades m\u00e9dicas m\u00f3viles estamos llevando servicios de salud a regiones de dif\u00edcil acceso geogr\u00e1fico. En 2015 se visitaron 32 municipios y se atendieron 121 localidades en beneficio de m\u00e1s de 37 mil tlaxcaltecas\u201d, detall\u00f3 el Gobernador.<\/p>\n<p>En este sentido, Mariano Gonz\u00e1lez hizo hincapi\u00e9 en la inversi\u00f3n hist\u00f3rica que su administraci\u00f3n destin\u00f3 al rubro de la salud, por lo que se logr\u00f3 modernizar la infraestructura con un presupuesto de 820 millones de pesos, en conjunto con el Gobierno de la Rep\u00fablica.<\/p>\n<p>\u201cPor eso, nosotros hemos podido reducir la pobreza extrema en m\u00e1s de 30 por ciento en dos a\u00f1os, gracias a todas estas acciones. De acuerdo con cifras del Consejo Nacional de Evaluaci\u00f3n pudimos reducir en 44 por ciento la poblaci\u00f3n que no ten\u00eda acceso a servicios m\u00e9dicos\u201d, refiri\u00f3.<\/p>\n<p>En su intervenci\u00f3n, la directora de la Administraci\u00f3n del Patrimonio de la Beneficencia P\u00fablica Estatal, P\u00eda Murrieta Saukko precis\u00f3 que con esta \u201cQuinta Jornada de Entrega de Auxiliares Auditivos\u201d, a desarrollarse durante tres d\u00edas consecutivos, se entregar\u00e1n 646 aparatos en beneficio de 431 tlaxcaltecas de diversas edades y provenientes de 24 municipios.<\/p>\n<p>Asimismo, Murrieta Saukko hizo hincapi\u00e9 en el compromiso demostrado por la Presidente Honor\u00edfica del DIF estatal, Mariana Gonz\u00e1lez Foullon, pues gracias al respaldo del organismo a su cargo, los apoyos llegan cada vez a m\u00e1s tlaxcaltecas que se encuentran en situaci\u00f3n vulnerable.<\/p>\n<p>La directora tambi\u00e9n recalc\u00f3 que derivado de la plena coordinaci\u00f3n entre el Gobierno del Estado y la Beneficencia P\u00fablica, el programa \u201cPara O\u00edrte Mejor\u201d, puesto en marcha desde el 2014, es una estrategia exitosa que ha contribuido a mejorar la calidad de vida de m\u00e1s de 700 personas y de sus familias.<\/p>\n<p>En este sentido, Ang\u00e9lica G\u00f3mez L\u00f3pez, directora de Vinculaci\u00f3n Social, Filantrop\u00eda y Evaluaci\u00f3n de Impacto de la Beneficencia P\u00fablica federal, asegur\u00f3 que tales resultados no ser\u00edan una realidad sin el apoyo decidido del Gobernador, Mariano Gonz\u00e1lez Zarur, as\u00ed como de las dependencias estatales que intervienen en este programa, tal es el caso del DIF y la Sesa.<\/p>\n<p>La directora subray\u00f3 que el objetivo que persigue el Presidente de la Rep\u00fablica\u00a0 con estas acciones, es crear las condiciones necesarias para alcanzar en el pa\u00eds niveles de desarrollo y bienestar \u00f3ptimos, as\u00ed como un M\u00e9xico fuerte, solidario e incluyente.<\/p>\n<p>A nombre de los beneficiarios, Lorena Le\u00f3n M\u00e9ndez -originaria de Yauhquemehcan- agradeci\u00f3 al Gobierno estatal y federal por este apoyo que le cambi\u00f3 la vida positivamente, pues desde ni\u00f1a padeci\u00f3 de problemas de audici\u00f3n.<\/p>\n<p>\u201cDoy gracias al licenciado Mariano Gonz\u00e1lez Zarur, pues yo s\u00e9 que ha trabajado arduamente para gestionar estos aparatos, yo s\u00e9 que a todas las personas que hoy recibimos este apoyo nos va a cambiar la vida\u201d, expres\u00f3.<\/p>\n<p>En este evento tambi\u00e9n estuvieron presentes el secretario de Salud, Alejandro Guarneros Chumacero; la directora del Centro de Rehabilitaci\u00f3n Integral (CRI), Mar\u00eda Antonieta Ord\u00f3\u00f1ez Carrera, as\u00ed como beneficiarios.<\/p>\n","protected":false},"excerpt":{"rendered":"<p>Al encabezar este lunes el arranque de la \u201cQuinta Jornada de Entrega de Auxiliares Auditivos\u201d, que en esta ocasi\u00f3n beneficiar\u00e1 a 431 tlaxcaltecas con la entrega de 646 aparatos como parte del programa \u201cPara O\u00edrte Mejor\u201d, el Gobernador del Estado, Mariano Gonz\u00e1lez Zarur, asever\u00f3 que estas acciones, que se ejecutan con el respaldo de la administraci\u00f3n federal, verdaderamente transforman la vida de quienes m\u00e1s necesitan de estos apoyos, adem\u00e1s  contribuyen a fortalecer el desarrollo social integral y equitativo en la entidad.<br \/>\n\u201cHemos demostrado, igual que el Presidente Enrique Pe\u00f1a Nieto, que los programas sociales son para la gente que lo necesita. Con estas acciones estamos trasformando la vida de miles de tlaxcaltecas y de mexicanos,  d\u00e1ndoles una nueva realidad\u201d, expres\u00f3 el Mandatario.<br \/>\nDurante el evento, celebrado en el sal\u00f3n Tlaxcala del centro expositor \u201cAdolfo L\u00f3pez Mateos\u201d, Gonz\u00e1lez Zarur recalc\u00f3 que para su administraci\u00f3n es prioridad preservar la salud y mejorar calidad de vida de la poblaci\u00f3n.<\/p>\n","protected":false},"author":2,"featured_media":42708,"comment_status":"open","ping_status":"open","sticky":false,"template":"","format":"standard","meta":{"footnotes":""},"categories":[4],"tags":[],"class_list":["post-42707","post","type-post","status-publish","format-standard","has-post-thumbnail","hentry","category-local"],"_links":{"self":[{"href":"https:\/\/www.contextosdigital.com\/index.php?rest_route=\/wp\/v2\/posts\/42707","targetHints":{"allow":["GET"]}}],"collection":[{"href":"https:\/\/www.contextosdigital.com\/index.php?rest_route=\/wp\/v2\/posts"}],"about":[{"href":"https:\/\/www.contextosdigital.com\/index.php?rest_route=\/wp\/v2\/types\/post"}],"author":[{"embeddable":true,"href":"https:\/\/www.contextosdigital.com\/index.php?rest_route=\/wp\/v2\/users\/2"}],"replies":[{"embeddable":true,"href":"https:\/\/www.contextosdigital.com\/index.php?rest_route=%2Fwp%2Fv2%2Fcomments&post=42707"}],"version-history":[{"count":1,"href":"https:\/\/www.contextosdigital.com\/index.php?rest_route=\/wp\/v2\/posts\/42707\/revisions"}],"predecessor-version":[{"id":42709,"href":"https:\/\/www.contextosdigital.com\/index.php?rest_route=\/wp\/v2\/posts\/42707\/revisions\/42709"}],"wp:featuredmedia":[{"embeddable":true,"href":"https:\/\/www.contextosdigital.com\/index.php?rest_route=\/wp\/v2\/media\/42708"}],"wp:attachment":[{"href":"https:\/\/www.contextosdigital.com\/index.php?rest_route=%2Fwp%2Fv2%2Fmedia&parent=42707"}],"wp:term":[{"taxonomy":"category","embeddable":true,"href":"https:\/\/www.contextosdigital.com\/index.php?rest_route=%2Fwp%2Fv2%2Fcategories&post=42707"},{"taxonomy":"post_tag","embeddable":true,"href":"https:\/\/www.contextosdigital.com\/index.php?rest_route=%2Fwp%2Fv2%2Ftags&post=42707"}],"curies":[{"name":"wp","href":"https:\/\/api.w.org\/{rel}","templated":true}]}}