{"id":42704,"date":"2016-03-08T09:15:50","date_gmt":"2016-03-08T14:15:50","guid":{"rendered":"http:\/\/www.contextosdigital.com\/?p=42704"},"modified":"2016-03-08T09:15:50","modified_gmt":"2016-03-08T14:15:50","slug":"inauguro-rector-de-la-uat-exposicion-pictorica-el-otro-viaje-desde-el-rabinal","status":"publish","type":"post","link":"https:\/\/www.contextosdigital.com\/?p=42704","title":{"rendered":"Inaugur\u00f3 Rector de la UAT exposici\u00f3n pict\u00f3rica \u201cEl otro viaje desde el Rabinal\u201d"},"content":{"rendered":"<p>Como parte de las diversas actividades que la Universidad Aut\u00f3noma de Tlaxcala (UAT), a trav\u00e9s de la Secretar\u00eda de Extensi\u00f3n Universitaria y Difusi\u00f3n Cultural, proporciona a la comunidad de la Instituci\u00f3n y sociedad en general, el Rector, Mtro. Rub\u00e9n Reyes C\u00f3rdoba, inaugur\u00f3 la exposici\u00f3n pict\u00f3rica titulada \u201cEl otro viaje desde el Rabinal\u201d, de la artista pl\u00e1stica Laura Elenes Gaxiola, en el lobby del Centro Cultural Universitario.<\/p>\n<p>Ante la presencia de integrantes de la estructura directiva, docentes, alumnos y p\u00fablico en general, el Mtro. Reyes C\u00f3rdoba refiri\u00f3 que la m\u00e1xima Casa de Estudios, preocupada por la formaci\u00f3n integral de sus estudiantes, seguir\u00e1 promoviendo este tipo de actividades que forman parte del legado que se llevar\u00e1n al egresar de este claustro universitario.<\/p>\n<p>\u201cLa Universidad Aut\u00f3noma de Tlaxcala ha mostrado el avivado inter\u00e9s de fomentar, inculcar y difundir la cultura y sus expresiones entre su comunidad, a trav\u00e9s de acciones concretas, con la intervenci\u00f3n de los grupos art\u00edsticos que han representado a la UAT en foros nacionales e internacionales, as\u00ed como con la presentaci\u00f3n de expresiones culturales de artistas mexicanos y del extranjero\u201d, culmin\u00f3.<\/p>\n<p>Por su parte, el Lic. Edilberto S\u00e1nchez Delgadillo, Secretario de Extensi\u00f3n Universitaria y Difusi\u00f3n Cultural, inform\u00f3 que con el respaldo del Rector y de las diferentes autoridades de la Instituci\u00f3n, sus estudiantes cuentan con espacios que les permiten desarrollar todas sus potencialidades.<\/p>\n<p>En el mismo tenor, el Mtro. Mart\u00edn Rojas Hern\u00e1ndez, coordinador del ciclo de exposiciones de artes visuales, expuso la trayectoria de Laura Elenes Gaxiola, mencionando que particip\u00f3 en la formaci\u00f3n de dise\u00f1adores industriales en la Universidad Nacional Aut\u00f3noma de M\u00e9xico (UNAM), durante los 23 a\u00f1os que imparti\u00f3 c\u00e1tedra de dise\u00f1o mexicano en el Centro de Investigaciones de Dise\u00f1o Industrial.<\/p>\n<p>Al mismo tiempo, fue una artista comprometida desde siempre con su gremio; form\u00f3 parte de la Asociaci\u00f3n Internacional de Artes Pl\u00e1sticas (AIAP) de la UNESCO, cuya integraci\u00f3n data de los a\u00f1os 70\u00b4s, conformada con artistas como: Jorge Gonz\u00e1lez Camarena, Juan O\u00b4Gorman, Nishisawa y Ra\u00fal Anguiano.<\/p>\n<p>El Mtro. Rojas Hern\u00e1ndez mencion\u00f3 que esta organizaci\u00f3n sent\u00f3 las bases a la actual Sociedad Mexicana de Autores de las Artes Pl\u00e1sticas (SOMAAP), adem\u00e1s dirigi\u00f3 el Consejo Mundial de Artistas Visuales (COMAV) del cual form\u00f3 parte por m\u00e1s de 16 a\u00f1os hasta su muerte, y particip\u00f3 en m\u00e1s de cien exposiciones internacionales en pa\u00edses como Jap\u00f3n, Espa\u00f1a, Portugal, Grecia, Turqu\u00eda, Italia, Costa Rica y Colombia.<\/p>\n<p>En M\u00e9xico, particip\u00f3 en exposiciones individuales relevantes en el Poliforum Siqueiros, Academia de San Carlos, Galer\u00edas Aristos, Museo Nacional de la Estampa, Museo de Arte Contempor\u00e1neo de Toluca, Residencia Oficial Los Pinos y El Sal\u00f3n de la Pl\u00e1stica Mexicana, sede que le dedic\u00f3 un homenaje en sus tres pisos, as\u00ed como la presentaci\u00f3n del\u00a0 libro Biograf\u00eda Art\u00edstica en el a\u00f1o 2009.<\/p>\n<p>Su obra forma parte de colecciones p\u00fablicas y privadas como La Fundaci\u00f3n Cultural BANAMEX, La Pinacoteca de Nuevo Le\u00f3n y obra patrimonial de la UNAM, ubicada en la Casa de las Humanidades en Coyoac\u00e1n, Fundaci\u00f3n Cultural Pascual y en el Centro de Investigaci\u00f3n en Dise\u00f1o Industrial (CIDI), y recientemente en el Museo de la Mujer de la Ciudad de M\u00e9xico.<\/p>\n<p>A este evento, tambi\u00e9n asistieron el Dr. Ernesto Meza Sierra, Secretario de Autorrealizaci\u00f3n; el Mtro. Hugo P\u00e9rez Olivares, Coordinador de la Divisi\u00f3n de Ciencias y Humanidades; Silvia M\u00e1rquez Elenes, hija de la artista; as\u00ed como estudiantes de la Facultad de Filosof\u00eda y Letras.<\/p>\n","protected":false},"excerpt":{"rendered":"<p>Como parte de las diversas actividades que la Universidad Aut\u00f3noma de Tlaxcala (UAT), a trav\u00e9s de la Secretar\u00eda de Extensi\u00f3n Universitaria y Difusi\u00f3n Cultural, proporciona a la comunidad de la Instituci\u00f3n y sociedad en general, el Rector, Mtro. Rub\u00e9n Reyes C\u00f3rdoba, inaugur\u00f3 la exposici\u00f3n pict\u00f3rica titulada \u201cEl otro viaje desde el Rabinal\u201d, de la artista pl\u00e1stica Laura Elenes Gaxiola, en el lobby del Centro Cultural Universitario.<br \/>\n Ante la presencia de integrantes de la estructura directiva, docentes, alumnos y p\u00fablico en general, el Mtro. Reyes C\u00f3rdoba refiri\u00f3 que la m\u00e1xima Casa de Estudios, preocupada por la formaci\u00f3n integral de sus estudiantes, seguir\u00e1 promoviendo este tipo de actividades que forman parte del legado que se llevar\u00e1n al egresar de este claustro universitario.<br \/>\n\u201cLa Universidad Aut\u00f3noma de Tlaxcala ha mostrado el avivado inter\u00e9s de fomentar, inculcar y difundir la cultura y sus expresiones entre su comunidad, a trav\u00e9s de acciones concretas, con la intervenci\u00f3n de los grupos art\u00edsticos que han representado a la UAT en foros nacionales e internacionales, as\u00ed como con la presentaci\u00f3n de expresiones culturales de artistas mexicanos y del extranjero\u201d, culmin\u00f3.<\/p>\n","protected":false},"author":2,"featured_media":42705,"comment_status":"open","ping_status":"open","sticky":false,"template":"","format":"standard","meta":{"footnotes":""},"categories":[4],"tags":[],"class_list":["post-42704","post","type-post","status-publish","format-standard","has-post-thumbnail","hentry","category-local"],"_links":{"self":[{"href":"https:\/\/www.contextosdigital.com\/index.php?rest_route=\/wp\/v2\/posts\/42704","targetHints":{"allow":["GET"]}}],"collection":[{"href":"https:\/\/www.contextosdigital.com\/index.php?rest_route=\/wp\/v2\/posts"}],"about":[{"href":"https:\/\/www.contextosdigital.com\/index.php?rest_route=\/wp\/v2\/types\/post"}],"author":[{"embeddable":true,"href":"https:\/\/www.contextosdigital.com\/index.php?rest_route=\/wp\/v2\/users\/2"}],"replies":[{"embeddable":true,"href":"https:\/\/www.contextosdigital.com\/index.php?rest_route=%2Fwp%2Fv2%2Fcomments&post=42704"}],"version-history":[{"count":1,"href":"https:\/\/www.contextosdigital.com\/index.php?rest_route=\/wp\/v2\/posts\/42704\/revisions"}],"predecessor-version":[{"id":42706,"href":"https:\/\/www.contextosdigital.com\/index.php?rest_route=\/wp\/v2\/posts\/42704\/revisions\/42706"}],"wp:featuredmedia":[{"embeddable":true,"href":"https:\/\/www.contextosdigital.com\/index.php?rest_route=\/wp\/v2\/media\/42705"}],"wp:attachment":[{"href":"https:\/\/www.contextosdigital.com\/index.php?rest_route=%2Fwp%2Fv2%2Fmedia&parent=42704"}],"wp:term":[{"taxonomy":"category","embeddable":true,"href":"https:\/\/www.contextosdigital.com\/index.php?rest_route=%2Fwp%2Fv2%2Fcategories&post=42704"},{"taxonomy":"post_tag","embeddable":true,"href":"https:\/\/www.contextosdigital.com\/index.php?rest_route=%2Fwp%2Fv2%2Ftags&post=42704"}],"curies":[{"name":"wp","href":"https:\/\/api.w.org\/{rel}","templated":true}]}}