{"id":42696,"date":"2016-03-08T09:11:10","date_gmt":"2016-03-08T14:11:10","guid":{"rendered":"http:\/\/www.contextosdigital.com\/?p=42696"},"modified":"2016-03-08T09:11:10","modified_gmt":"2016-03-08T14:11:10","slug":"sera-chiautempan-sede-del-encuentro-nacional-de-danzon-2016","status":"publish","type":"post","link":"https:\/\/www.contextosdigital.com\/?p=42696","title":{"rendered":"Ser\u00e1 Chiautempan sede del Encuentro Nacional de Danz\u00f3n 2016"},"content":{"rendered":"<p>En un trabajo coordinado el Ayuntamiento de Chiautempan y el Instituto Tlaxcalteca de la Cultura ITC, celebrar\u00e1n el \u201cEncuentro Nacional de Danz\u00f3n 2016\u201d el pr\u00f3ximo s\u00e1bado 12 de marzo, Adriana Rodr\u00edguez Mu\u00f1oz, directora del \u00e1rea de Educaci\u00f3n, Cultura y Turismo municipal, coment\u00f3 que las actividades dar\u00e1n inicio a las 10:00 Hrs. en el Parque Hidalgo, con la exhibici\u00f3n de danz\u00f3n y el concurso nacional, donde bailarines y espectadores podr\u00e1n deleitarse con la m\u00fasica y el ambiente danzonero de manera gratuita.<\/p>\n<p>Por la noche del mismo s\u00e1bado, en el auditorio municipal \u201cAntonio D\u00edaz Varela\u201d a las 20:00 Hrs. se estar\u00e1 celebrando el \u201cTradicional baile de gala\u201d, para el cual los interesados en acudir deber\u00e1n acudir a las instalaciones de la presidencia municipal de Chiautempan para reservar y adquirir sus boletos. Durante el desarrollo de las actividades, se podr\u00e1 disfrutar de m\u00fasica en vivo de las orquestas \u201cDanzonera Acerina, La primer danzonera de Am\u00e9rica\u201d de la Ciudad de M\u00e9xico, as\u00ed como de \u201cDanzonera La Playa, los reyes del danz\u00f3n\u201d provenientes de Veracruz.<\/p>\n<p>Al finalizar, Rodr\u00edguez Mu\u00f1oz, mencion\u00f3 que habr\u00e1 dos modalidades de participaci\u00f3n, la de pareja, que se define como \u201cConcurso\u201d y la de grupo que se define como \u201cExhibici\u00f3n\u201d, en esta \u00faltima deber\u00e1 integrarse por cinco parejas como m\u00ednimo, quienes participen en el concurso de pareja, tendr\u00e1n que pasar dos etapas de eliminaci\u00f3n y una m\u00e1s para definir a la dupla ganadora, mientras que quienes participen en grupo, deber\u00e1n presentar dos coreograf\u00edas con m\u00fasica en vivo. A todos los participantes se les entregar\u00e1 un reconocimiento por ser parte del evento, mientras que a los ganadores, en el caso de las parejas, se les otorgar\u00e1 un incentivo econ\u00f3mico al primer, segundo y tercer lugar, de seis mil, cuatro mil y dos mil pesos respectivamente, mientras que a quienes resulten ganadores en la modalidad de grupo, se les estar\u00e1 entregando un incentivo de diez mil pesos.<\/p>\n<p>Para quienes deseen conocer la convocatoria y obtener mayor informaci\u00f3n de dicho evento, pueden acudir a la oficina de la direcci\u00f3n de Educaci\u00f3n Cultura y Turismo, ubicadas en el interior del palacio municipal de Chiautempan, en calle Bernardo Picazo, esquina con calle hidalgo sur No. 2, o bien comunicarse al tel\u00e9fono 46 4 24 35 o consultar el portal web www.chiautempan.gob.mx<\/p>\n","protected":false},"excerpt":{"rendered":"<p> En un trabajo coordinado el Ayuntamiento de Chiautempan y el Instituto Tlaxcalteca de la Cultura ITC, celebrar\u00e1n el \u201cEncuentro Nacional de Danz\u00f3n 2016\u201d el pr\u00f3ximo s\u00e1bado 12 de marzo, Adriana Rodr\u00edguez Mu\u00f1oz, directora del \u00e1rea de Educaci\u00f3n, Cultura y Turismo municipal, coment\u00f3 que las actividades dar\u00e1n inicio a las 10:00 Hrs. en el Parque Hidalgo, con la exhibici\u00f3n de danz\u00f3n y el concurso nacional, donde bailarines y espectadores podr\u00e1n deleitarse con la m\u00fasica y el ambiente danzonero de manera gratuita.<br \/>\nPor la noche del mismo s\u00e1bado, en el auditorio municipal \u201cAntonio D\u00edaz Varela\u201d a las 20:00 Hrs. se estar\u00e1 celebrando el \u201cTradicional baile de gala\u201d, para el cual los interesados en acudir deber\u00e1n acudir a las instalaciones de la presidencia municipal de Chiautempan para reservar y adquirir sus boletos. Durante el desarrollo de las actividades, se podr\u00e1 disfrutar de m\u00fasica en vivo de las orquestas \u201cDanzonera Acerina, La primer danzonera de Am\u00e9rica\u201d de la Ciudad de M\u00e9xico, as\u00ed como de \u201cDanzonera La Playa, los reyes del danz\u00f3n\u201d provenientes de Veracruz.<\/p>\n","protected":false},"author":2,"featured_media":42697,"comment_status":"open","ping_status":"open","sticky":false,"template":"","format":"standard","meta":{"footnotes":""},"categories":[4],"tags":[],"class_list":["post-42696","post","type-post","status-publish","format-standard","has-post-thumbnail","hentry","category-local"],"_links":{"self":[{"href":"https:\/\/www.contextosdigital.com\/index.php?rest_route=\/wp\/v2\/posts\/42696","targetHints":{"allow":["GET"]}}],"collection":[{"href":"https:\/\/www.contextosdigital.com\/index.php?rest_route=\/wp\/v2\/posts"}],"about":[{"href":"https:\/\/www.contextosdigital.com\/index.php?rest_route=\/wp\/v2\/types\/post"}],"author":[{"embeddable":true,"href":"https:\/\/www.contextosdigital.com\/index.php?rest_route=\/wp\/v2\/users\/2"}],"replies":[{"embeddable":true,"href":"https:\/\/www.contextosdigital.com\/index.php?rest_route=%2Fwp%2Fv2%2Fcomments&post=42696"}],"version-history":[{"count":1,"href":"https:\/\/www.contextosdigital.com\/index.php?rest_route=\/wp\/v2\/posts\/42696\/revisions"}],"predecessor-version":[{"id":42698,"href":"https:\/\/www.contextosdigital.com\/index.php?rest_route=\/wp\/v2\/posts\/42696\/revisions\/42698"}],"wp:featuredmedia":[{"embeddable":true,"href":"https:\/\/www.contextosdigital.com\/index.php?rest_route=\/wp\/v2\/media\/42697"}],"wp:attachment":[{"href":"https:\/\/www.contextosdigital.com\/index.php?rest_route=%2Fwp%2Fv2%2Fmedia&parent=42696"}],"wp:term":[{"taxonomy":"category","embeddable":true,"href":"https:\/\/www.contextosdigital.com\/index.php?rest_route=%2Fwp%2Fv2%2Fcategories&post=42696"},{"taxonomy":"post_tag","embeddable":true,"href":"https:\/\/www.contextosdigital.com\/index.php?rest_route=%2Fwp%2Fv2%2Ftags&post=42696"}],"curies":[{"name":"wp","href":"https:\/\/api.w.org\/{rel}","templated":true}]}}