{"id":42693,"date":"2016-03-08T09:09:58","date_gmt":"2016-03-08T14:09:58","guid":{"rendered":"http:\/\/www.contextosdigital.com\/?p=42693"},"modified":"2016-03-08T09:09:58","modified_gmt":"2016-03-08T14:09:58","slug":"capacita-dif-estatal-a-personal-de-los-caic-de-13-municipios","status":"publish","type":"post","link":"https:\/\/www.contextosdigital.com\/?p=42693","title":{"rendered":"Capacita DIF estatal a personal de los CAIC de 13 municipios"},"content":{"rendered":"<p>El Sistema Estatal para el Desarrollo Integral de la Familia (DIF), que preside Mariana Gonz\u00e1lez Foullon, llev\u00f3 a cabo el curso-taller de primeros auxilios dirigido a personal de los Centros de Asistencia Infantil Comunitarios (Caic) de 13 municipios de la entidad, a fin de que se encuentren debidamente capacitados para atender a los menores ante una situaci\u00f3n de emergencia.<\/p>\n<p>Este curso tuvo una duraci\u00f3n de tres d\u00edas y cont\u00f3 con la asistencia de 51 maestros y responsables de los Caic de Altzayanca, Benito Ju\u00e1rez, El Carmen Tequexquitla, Nanacamilpa, Texoloc, Ixtacuixtla, Tepetitla, Panotla, Sanct\u00f3rum, Totolac, Xaloztoc, La Magdalena Tlaltelulco y Axocomanitla.<\/p>\n<p>La capacitaci\u00f3n tuvo lugar en el centro expositor \u201cAdolfo L\u00f3pez Mateos\u201d en la ciudad capital, y se abordaron diversas tem\u00e1ticas como signos vitales, fracturas y quemaduras, as\u00ed como su tratamiento inicial.<\/p>\n<p>Personal del DIF estatal fue el encargado de impartir los conocimientos de manera te\u00f3rico pr\u00e1ctica, con el objetivo de que los responsables de estos centros tengan las herramientas b\u00e1sicas necesarias para atender adecuadamente a los menores y con ello velar por su integridad f\u00edsica.<\/p>\n<p>Cabe se\u00f1alar que la segunda etapa de este curso-taller tendr\u00e1 lugar en los pr\u00f3ximos d\u00edas y estar\u00e1 dirigido al personal de los Caic de 10 municipios m\u00e1s, pues la meta es que todos estos centros cuenten con un personal altamente capacitado en este tema.<\/p>\n<p>Es as\u00ed como el Gobierno que encabeza Mariano Gonz\u00e1lez Zarur trabaja por otorgar servicios de la m\u00e1s alta calidad y calidez, asimismo cumple con su compromiso de coadyuvar en la sana formaci\u00f3n de la infancia tlaxcalteca.<\/p>\n","protected":false},"excerpt":{"rendered":"<p>El Sistema Estatal para el Desarrollo Integral de la Familia (DIF), que preside Mariana Gonz\u00e1lez Foullon, llev\u00f3 a cabo el curso-taller de primeros auxilios dirigido a personal de los Centros de Asistencia Infantil Comunitarios (Caic) de 13 municipios de la entidad, a fin de que se encuentren debidamente capacitados para atender a los menores ante una situaci\u00f3n de emergencia.<br \/>\nEste curso tuvo una duraci\u00f3n de tres d\u00edas y cont\u00f3 con la asistencia de 51 maestros y responsables de los Caic de Altzayanca, Benito Ju\u00e1rez, El Carmen Tequexquitla, Nanacamilpa, Texoloc, Ixtacuixtla, Tepetitla, Panotla, Sanct\u00f3rum, Totolac, Xaloztoc, La Magdalena Tlaltelulco y Axocomanitla.<br \/>\nLa capacitaci\u00f3n tuvo lugar en el centro expositor \u201cAdolfo L\u00f3pez Mateos\u201d en la ciudad capital, y se abordaron diversas tem\u00e1ticas como signos vitales, fracturas y quemaduras, as\u00ed como su tratamiento inicial.<\/p>\n","protected":false},"author":2,"featured_media":42694,"comment_status":"open","ping_status":"open","sticky":false,"template":"","format":"standard","meta":{"footnotes":""},"categories":[4],"tags":[],"class_list":["post-42693","post","type-post","status-publish","format-standard","has-post-thumbnail","hentry","category-local"],"_links":{"self":[{"href":"https:\/\/www.contextosdigital.com\/index.php?rest_route=\/wp\/v2\/posts\/42693","targetHints":{"allow":["GET"]}}],"collection":[{"href":"https:\/\/www.contextosdigital.com\/index.php?rest_route=\/wp\/v2\/posts"}],"about":[{"href":"https:\/\/www.contextosdigital.com\/index.php?rest_route=\/wp\/v2\/types\/post"}],"author":[{"embeddable":true,"href":"https:\/\/www.contextosdigital.com\/index.php?rest_route=\/wp\/v2\/users\/2"}],"replies":[{"embeddable":true,"href":"https:\/\/www.contextosdigital.com\/index.php?rest_route=%2Fwp%2Fv2%2Fcomments&post=42693"}],"version-history":[{"count":1,"href":"https:\/\/www.contextosdigital.com\/index.php?rest_route=\/wp\/v2\/posts\/42693\/revisions"}],"predecessor-version":[{"id":42695,"href":"https:\/\/www.contextosdigital.com\/index.php?rest_route=\/wp\/v2\/posts\/42693\/revisions\/42695"}],"wp:featuredmedia":[{"embeddable":true,"href":"https:\/\/www.contextosdigital.com\/index.php?rest_route=\/wp\/v2\/media\/42694"}],"wp:attachment":[{"href":"https:\/\/www.contextosdigital.com\/index.php?rest_route=%2Fwp%2Fv2%2Fmedia&parent=42693"}],"wp:term":[{"taxonomy":"category","embeddable":true,"href":"https:\/\/www.contextosdigital.com\/index.php?rest_route=%2Fwp%2Fv2%2Fcategories&post=42693"},{"taxonomy":"post_tag","embeddable":true,"href":"https:\/\/www.contextosdigital.com\/index.php?rest_route=%2Fwp%2Fv2%2Ftags&post=42693"}],"curies":[{"name":"wp","href":"https:\/\/api.w.org\/{rel}","templated":true}]}}