{"id":42679,"date":"2016-03-08T09:02:15","date_gmt":"2016-03-08T14:02:15","guid":{"rendered":"http:\/\/www.contextosdigital.com\/?p=42679"},"modified":"2016-03-08T09:02:15","modified_gmt":"2016-03-08T14:02:15","slug":"esclarece-pgje-homicidio-ocurrido-en-2014","status":"publish","type":"post","link":"https:\/\/www.contextosdigital.com\/?p=42679","title":{"rendered":"Esclarece PGJE homicidio ocurrido en 2014"},"content":{"rendered":"<p>Las pruebas que document\u00f3 el Agente del Ministerio P\u00fablico y las diligencias practicadas por los peritos, aunado a las pesquisas de la Polic\u00eda de Investigaci\u00f3n, todos adscritos a la Procuradur\u00eda General de Justicia del Estado (PGJE), permitieron cumplimentar la orden de aprehensi\u00f3n en contra de Virgilio P\u00e9rez Castro y\/o Virgilio P\u00e9rez, probable responsable del delito de homicidio calificado.<\/p>\n<p>Esta acci\u00f3n se suma a la detenci\u00f3n de Daniel Esquivel P\u00e9rez, realizada por la entonces Polic\u00eda Ministerial en septiembre de 2014, ya que el probable responsable reconoci\u00f3 haber golpeado al hoy occiso hasta dejarlo inconsciente, por lo que fue trasladado al nosocomio donde d\u00edas despu\u00e9s perdi\u00f3 la vida.<\/p>\n<p>Sin embargo, derivado del puntual seguimiento a cada una de las denuncias, los especialistas de la PGJE determinaron que un tercer sujeto intervino en la ri\u00f1a, mismo que responde al nombre de\u00a0 Virgilio P\u00e9rez Castro y\/o Virgilio P\u00e9rez.<\/p>\n<p>Ante esto indicios, el Juzgado Primero de lo Penal del Distrito Judicial de Guridi y Alcocer, obsequi\u00f3 la orden de aprehensi\u00f3n correspondiente dentro del proceso 360\/2014, en contra del sospechoso por el delito de homicidio calificado.<\/p>\n<p>Con el mandamiento judicial, el 7 de marzo del a\u00f1o en curso, los oficiales de la Polic\u00eda de investigaci\u00f3n localizaron al probable responsable, por lo que se trasladaron de inmediato a la poblaci\u00f3n de Ocotl\u00e1n, municipio de Tlaxcala.<\/p>\n<p>En ese momento, se aproximaron al individuo y al corroborar que se trataba de Virgilio P\u00e9rez Castro y\/o Virgilio P\u00e9rez, le informaron la situaci\u00f3n que prevalec\u00eda en su contra, por lo que fue asegurado y recluido en el Centro de Reinserci\u00f3n Social (Cereso), desde donde enfrentar\u00e1 su proceso legal.<\/p>\n","protected":false},"excerpt":{"rendered":"<p>Las pruebas que document\u00f3 el Agente del Ministerio P\u00fablico y las diligencias practicadas por los peritos, aunado a las pesquisas de la Polic\u00eda de Investigaci\u00f3n, todos adscritos a la Procuradur\u00eda General de Justicia del Estado (PGJE), permitieron cumplimentar la orden de aprehensi\u00f3n en contra de Virgilio P\u00e9rez Castro y\/o Virgilio P\u00e9rez, probable responsable del delito de homicidio calificado.<br \/>\nEsta acci\u00f3n se suma a la detenci\u00f3n de Daniel Esquivel P\u00e9rez, realizada por la entonces Polic\u00eda Ministerial en septiembre de 2014, ya que el probable responsable reconoci\u00f3 haber golpeado al hoy occiso hasta dejarlo inconsciente, por lo que fue trasladado al nosocomio donde d\u00edas despu\u00e9s perdi\u00f3 la vida. <\/p>\n","protected":false},"author":2,"featured_media":0,"comment_status":"open","ping_status":"open","sticky":false,"template":"","format":"standard","meta":{"footnotes":""},"categories":[4],"tags":[],"class_list":["post-42679","post","type-post","status-publish","format-standard","hentry","category-local"],"_links":{"self":[{"href":"https:\/\/www.contextosdigital.com\/index.php?rest_route=\/wp\/v2\/posts\/42679","targetHints":{"allow":["GET"]}}],"collection":[{"href":"https:\/\/www.contextosdigital.com\/index.php?rest_route=\/wp\/v2\/posts"}],"about":[{"href":"https:\/\/www.contextosdigital.com\/index.php?rest_route=\/wp\/v2\/types\/post"}],"author":[{"embeddable":true,"href":"https:\/\/www.contextosdigital.com\/index.php?rest_route=\/wp\/v2\/users\/2"}],"replies":[{"embeddable":true,"href":"https:\/\/www.contextosdigital.com\/index.php?rest_route=%2Fwp%2Fv2%2Fcomments&post=42679"}],"version-history":[{"count":1,"href":"https:\/\/www.contextosdigital.com\/index.php?rest_route=\/wp\/v2\/posts\/42679\/revisions"}],"predecessor-version":[{"id":42680,"href":"https:\/\/www.contextosdigital.com\/index.php?rest_route=\/wp\/v2\/posts\/42679\/revisions\/42680"}],"wp:attachment":[{"href":"https:\/\/www.contextosdigital.com\/index.php?rest_route=%2Fwp%2Fv2%2Fmedia&parent=42679"}],"wp:term":[{"taxonomy":"category","embeddable":true,"href":"https:\/\/www.contextosdigital.com\/index.php?rest_route=%2Fwp%2Fv2%2Fcategories&post=42679"},{"taxonomy":"post_tag","embeddable":true,"href":"https:\/\/www.contextosdigital.com\/index.php?rest_route=%2Fwp%2Fv2%2Ftags&post=42679"}],"curies":[{"name":"wp","href":"https:\/\/api.w.org\/{rel}","templated":true}]}}