{"id":42656,"date":"2016-03-07T09:49:13","date_gmt":"2016-03-07T14:49:13","guid":{"rendered":"http:\/\/www.contextosdigital.com\/?p=42656"},"modified":"2016-03-07T09:49:13","modified_gmt":"2016-03-07T14:49:13","slug":"concluye-con-exito-la-cuarta-semana-de-la-cultura-y-el-toro","status":"publish","type":"post","link":"https:\/\/www.contextosdigital.com\/?p=42656","title":{"rendered":"Concluye con \u00e9xito la \u201cCuarta Semana de la Cultura y el Toro\u201d"},"content":{"rendered":"<p>Con \u00e9xito concluyeron este viernes las actividades de la \u00abCuarta Semana de la Cultura y El toro\u00bb que el Gobierno del Estado, a trav\u00e9s del Instituto Tlaxcalteca de Desarrollo Taurino (Itdt), realiz\u00f3 con motivo del 150 aniversario de la fundaci\u00f3n de Apizaco, a fin de continuar con la promoci\u00f3n de la cultura taurina.<\/p>\n<p>Durante la \u00faltima de las tertulias de la semana cultural, que estuvo a cargo de los ganaderos Antonio y Vicente de Haro Gonz\u00e1lez, se destac\u00f3 el apoyo que el Gobernador Mariano Gonz\u00e1lez Zarur ha dado a la fiesta brava, actividad que es una tradici\u00f3n y da identidad y raigambre al Estado, adem\u00e1s de impulsar el turismo y la econom\u00eda.<\/p>\n<p>Al clausurar los festejos, el director del Itdt, Luis Andalco L\u00f3pez, agradeci\u00f3 la confianza que el Mandatario estatal ha dado en todo momento para llevar a cabo este tipo de actividades, de las que ya suman 200 conferencias del 2011 a la fecha, con la finalidad de fortalecer la fiesta brava en la entidad.<\/p>\n<p>Detall\u00f3 que \u00abMedio siglo de pasi\u00f3n, romanticismo y sue\u00f1os\u00bb fue el tema central con el que se cerr\u00f3 esta semana de cultura y toro, conferencia que corri\u00f3 a cargo de los ganaderos Antonio y Vicente de Haro, que en este a\u00f1o celebran 50 a\u00f1os de fundaci\u00f3n de la ganader\u00eda ubicada en el municipio de Terrenate.<\/p>\n<p>A lo largo de esta tertulia que estuvo moderada por el catedr\u00e1tico de la Universidad Popular Aut\u00f3noma del Estado de Puebla, Jos\u00e9 Antonio Luna Alarc\u00f3n, se dialog\u00f3 a cerca de las diversas etapas que esta casa ganadera ha tenido a lo largo de medio siglo, de la bravura del toro tlaxcalteca y de lo que otras ganader\u00edas del Estado han vivido.<\/p>\n<p>Las actividades de esta cuarta semana cultural taurina iniciaron el lunes 29 de febrero con la inauguraci\u00f3n de la exposici\u00f3n de arte taurino del matador Humberto Flores y la conferencia \u201cEl arte y el embrujo de la fiesta brava\u201d, a cargo de los matadores Rodolfo Rodr\u00edguez \u201cEl Pana\u201d, que tuvo como moderador al periodista y cronista Carlos Yarza.<\/p>\n<p>El martes 1 de marzo se llev\u00f3 a cabo la ponencia \u00abLa Emoci\u00f3n de la Bravura\u00bb por el maestro Juan Antonio de Labra, director del portal taurino Al Toro M\u00e9xico y en la que particip\u00f3 la comunicadora Am\u00e9rica Montoya.<\/p>\n<p>Mientras que el mi\u00e9rcoles se realiz\u00f3 la presentaci\u00f3n de un libro sobre trauma taurino de la autor\u00eda del doctor Francisco Eduardo Gonz\u00e1lez S\u00e1nchez, con los comentarios del m\u00e9dico Jos\u00e9 Antonio Zamora Lomel\u00ed, la maestra Marlene Mart\u00ednez Viveros y del periodista Fabi\u00e1n Robles Medrano.<\/p>\n<p>El jueves sigui\u00f3 la actividad con \u201cDos monosabios en la Plaza M\u00e9xico\u201d, a cargo de Armando L\u00f3pez y Mart\u00edn Hern\u00e1ndez, moderada por Oswaldo L\u00f3pez S\u00e1nchez.<\/p>\n<p>De esta manera, el Gobierno del Estado mantiene la promoci\u00f3n de la cultura y arte del toro, lo que permite fortalecer la fiesta brava en la entidad, as\u00ed como de impulsar el turismo y la econom\u00eda.<\/p>\n","protected":false},"excerpt":{"rendered":"<p>Con \u00e9xito concluyeron este viernes las actividades de la \u00abCuarta Semana de la Cultura y El toro\u00bb que el Gobierno del Estado, a trav\u00e9s del Instituto Tlaxcalteca de Desarrollo Taurino (Itdt), realiz\u00f3 con motivo del 150 aniversario de la fundaci\u00f3n de Apizaco, a fin de continuar con la promoci\u00f3n de la cultura taurina.<br \/>\n Durante la \u00faltima de las tertulias de la semana cultural, que estuvo a cargo de los ganaderos Antonio y Vicente de Haro Gonz\u00e1lez, se destac\u00f3 el apoyo que el Gobernador Mariano Gonz\u00e1lez Zarur ha dado a la fiesta brava, actividad que es una tradici\u00f3n y da identidad y raigambre al Estado, adem\u00e1s de impulsar el turismo y la econom\u00eda.<\/p>\n","protected":false},"author":2,"featured_media":42657,"comment_status":"open","ping_status":"open","sticky":false,"template":"","format":"standard","meta":{"footnotes":""},"categories":[4],"tags":[],"class_list":["post-42656","post","type-post","status-publish","format-standard","has-post-thumbnail","hentry","category-local"],"_links":{"self":[{"href":"https:\/\/www.contextosdigital.com\/index.php?rest_route=\/wp\/v2\/posts\/42656","targetHints":{"allow":["GET"]}}],"collection":[{"href":"https:\/\/www.contextosdigital.com\/index.php?rest_route=\/wp\/v2\/posts"}],"about":[{"href":"https:\/\/www.contextosdigital.com\/index.php?rest_route=\/wp\/v2\/types\/post"}],"author":[{"embeddable":true,"href":"https:\/\/www.contextosdigital.com\/index.php?rest_route=\/wp\/v2\/users\/2"}],"replies":[{"embeddable":true,"href":"https:\/\/www.contextosdigital.com\/index.php?rest_route=%2Fwp%2Fv2%2Fcomments&post=42656"}],"version-history":[{"count":1,"href":"https:\/\/www.contextosdigital.com\/index.php?rest_route=\/wp\/v2\/posts\/42656\/revisions"}],"predecessor-version":[{"id":42658,"href":"https:\/\/www.contextosdigital.com\/index.php?rest_route=\/wp\/v2\/posts\/42656\/revisions\/42658"}],"wp:featuredmedia":[{"embeddable":true,"href":"https:\/\/www.contextosdigital.com\/index.php?rest_route=\/wp\/v2\/media\/42657"}],"wp:attachment":[{"href":"https:\/\/www.contextosdigital.com\/index.php?rest_route=%2Fwp%2Fv2%2Fmedia&parent=42656"}],"wp:term":[{"taxonomy":"category","embeddable":true,"href":"https:\/\/www.contextosdigital.com\/index.php?rest_route=%2Fwp%2Fv2%2Fcategories&post=42656"},{"taxonomy":"post_tag","embeddable":true,"href":"https:\/\/www.contextosdigital.com\/index.php?rest_route=%2Fwp%2Fv2%2Ftags&post=42656"}],"curies":[{"name":"wp","href":"https:\/\/api.w.org\/{rel}","templated":true}]}}