{"id":42650,"date":"2016-03-07T09:44:49","date_gmt":"2016-03-07T14:44:49","guid":{"rendered":"http:\/\/www.contextosdigital.com\/?p=42650"},"modified":"2016-03-07T09:44:49","modified_gmt":"2016-03-07T14:44:49","slug":"brinda-instituto-estatal-de-la-mujer-atencion-en-oficinas-centrales-a-beneficiarias-del-paimef","status":"publish","type":"post","link":"https:\/\/www.contextosdigital.com\/?p=42650","title":{"rendered":"Brinda Instituto Estatal de la Mujer atenci\u00f3n en oficinas centrales a beneficiarias del PAIMEF"},"content":{"rendered":"<p>El Instituto Estatal de la Mujer (IEM) inform\u00f3 que durante la primera quincena de marzo todas las beneficiarias del Programa de Apoyo a las Instancias de la Mujer en las Entidades Federativas (Paimef) recibir\u00e1n atenci\u00f3n en las oficinas centrales de esta dependencia, ubicadas en ex f\u00e1brica de San Manuel sin n\u00famero, en San Miguel Contla, hasta en tanto concluya la reestructuraci\u00f3n de las Unidades y Centros de Atenci\u00f3n, ubicados en diferentes municipios.<\/p>\n<p>Al respecto, la titular de esta dependencia, Elda Garc\u00eda G\u00f3mez, asegur\u00f3 que esta medida responde al proceso de mejora continua en beneficio de este sector de la poblaci\u00f3n, pues el Gobierno estatal y federal buscan otorgar servicios integrales y de calidad a las mujeres, a fin de contribuir a su bienestar pleno.<\/p>\n<p>La funcionaria especific\u00f3 que ser\u00e1 a partir del 15 de marzo cuando los servicios de estos centros y unidades se brinden de manera regular y adelant\u00f3 que para ello ser\u00e1n contratados profesionistas que tengan experiencia en perspectiva de g\u00e9nero en las \u00e1reas de Psicolog\u00eda, Derecho y Trabajo Social, por lo que se har\u00e1 la recepci\u00f3n de solicitud de empleo y curr\u00edculos en las oficinas del IEM, los d\u00edas 9 y 10 de marzo.<\/p>\n<p>Cabe mencionar que estas unidades atienden actualmente alrededor de 18 mil tlaxcaltecas, que se encuentran presentes alrededor de la geograf\u00eda estatal, es el caso de Zacatelco, Apizaco, Santa Cruz Tlaxcala, Chiautempan, Tlaxcala, Ixtacuixtla, Calpulalpan y Huamantla, entre otras localidades.<\/p>\n<p>Garc\u00eda G\u00f3mez detall\u00f3 que el Gobierno del Estado otorga atenci\u00f3n integral a las mujeres en situaci\u00f3n vulnerable o aquellas que han sido v\u00edctima de violencia, siempre en plena coordinaci\u00f3n con la administraci\u00f3n federal, a trav\u00e9s del apoyo de organismos como los Institutos Nacional de Desarrollo Social (Indesol) y Nacional de las Mujeres (Inmuejeres).<\/p>\n<p>Las interesadas en conocer o acceder a estos programas pueden acudir a las instalaciones del IEM, en un horario de lunes a viernes de 9:00 a 14:00 horas o ponerse en contacto a trav\u00e9s de los\u00a0\u00a0 n\u00fameros telef\u00f3nicos 01 (246) 46 5 29 60 extensiones\u00a0 1702 y 1703.<\/p>\n","protected":false},"excerpt":{"rendered":"<p>El Instituto Estatal de la Mujer (IEM) inform\u00f3 que durante la primera quincena de marzo todas las beneficiarias del Programa de Apoyo a las Instancias de la Mujer en las Entidades Federativas (Paimef) recibir\u00e1n atenci\u00f3n en las oficinas centrales de esta dependencia, ubicadas en ex f\u00e1brica de San Manuel sin n\u00famero, en San Miguel Contla, hasta en tanto concluya la reestructuraci\u00f3n de las Unidades y Centros de Atenci\u00f3n, ubicados en diferentes municipios.<br \/>\nAl respecto, la titular de esta dependencia, Elda Garc\u00eda G\u00f3mez, asegur\u00f3 que esta medida responde al proceso de mejora continua en beneficio de este sector de la poblaci\u00f3n, pues el Gobierno estatal y federal buscan otorgar servicios integrales y de calidad a las mujeres, a fin de contribuir a su bienestar pleno.<\/p>\n","protected":false},"author":2,"featured_media":0,"comment_status":"open","ping_status":"open","sticky":false,"template":"","format":"standard","meta":{"footnotes":""},"categories":[4],"tags":[],"class_list":["post-42650","post","type-post","status-publish","format-standard","hentry","category-local"],"_links":{"self":[{"href":"https:\/\/www.contextosdigital.com\/index.php?rest_route=\/wp\/v2\/posts\/42650","targetHints":{"allow":["GET"]}}],"collection":[{"href":"https:\/\/www.contextosdigital.com\/index.php?rest_route=\/wp\/v2\/posts"}],"about":[{"href":"https:\/\/www.contextosdigital.com\/index.php?rest_route=\/wp\/v2\/types\/post"}],"author":[{"embeddable":true,"href":"https:\/\/www.contextosdigital.com\/index.php?rest_route=\/wp\/v2\/users\/2"}],"replies":[{"embeddable":true,"href":"https:\/\/www.contextosdigital.com\/index.php?rest_route=%2Fwp%2Fv2%2Fcomments&post=42650"}],"version-history":[{"count":1,"href":"https:\/\/www.contextosdigital.com\/index.php?rest_route=\/wp\/v2\/posts\/42650\/revisions"}],"predecessor-version":[{"id":42651,"href":"https:\/\/www.contextosdigital.com\/index.php?rest_route=\/wp\/v2\/posts\/42650\/revisions\/42651"}],"wp:attachment":[{"href":"https:\/\/www.contextosdigital.com\/index.php?rest_route=%2Fwp%2Fv2%2Fmedia&parent=42650"}],"wp:term":[{"taxonomy":"category","embeddable":true,"href":"https:\/\/www.contextosdigital.com\/index.php?rest_route=%2Fwp%2Fv2%2Fcategories&post=42650"},{"taxonomy":"post_tag","embeddable":true,"href":"https:\/\/www.contextosdigital.com\/index.php?rest_route=%2Fwp%2Fv2%2Ftags&post=42650"}],"curies":[{"name":"wp","href":"https:\/\/api.w.org\/{rel}","templated":true}]}}