{"id":42641,"date":"2016-03-07T09:39:49","date_gmt":"2016-03-07T14:39:49","guid":{"rendered":"http:\/\/www.contextosdigital.com\/?p=42641"},"modified":"2016-03-07T09:39:49","modified_gmt":"2016-03-07T14:39:49","slug":"redobla-pgje-acciones-de-busqueda-de-menor-desaparecida-en-spm","status":"publish","type":"post","link":"https:\/\/www.contextosdigital.com\/?p=42641","title":{"rendered":"Redobla PGJE acciones de b\u00fasqueda de menor desaparecida en SPM"},"content":{"rendered":"<p>Como parte del compromiso de agotar todos los medios y l\u00edneas de investigaci\u00f3n, a fin de dar con el paradero de una menor de edad reportada como desaparecida en el municipio de San Pablo del Monte, la Procuradur\u00eda General de Justicia del Estado (PGJE) redobl\u00f3 y ejecut\u00f3 acciones de b\u00fasqueda en coordinaci\u00f3n de la Fiscal\u00eda General del Estado de Puebla.<\/p>\n<p>En primera instancia, y resultado de la debida integraci\u00f3n de la indagatoria correspondiente, el Agente del Ministerio P\u00fablico de la Procuradur\u00eda de Tlaxcala solicit\u00f3 a la dependencia hom\u00f3loga de Puebla una orden de cateo en un hotel ubicado en el centro del estado vecino.<\/p>\n<p>Lo anterior, ya que de acuerdo con diferentes pesquisas, en dicho lugar se podr\u00eda obtener informaci\u00f3n relevante para el caso; de esta manera, la tarde del 1 de marzo, elementos de la Fiscal\u00eda General de Puebla desahogaron dicha diligencia, cuyos resultados ser\u00e1n agregados a la Investigaci\u00f3n.<\/p>\n<p>Por otro lado, durante la misma semana, espec\u00edficamente el 4 marzo, la Representante Social, oficiales de la Polic\u00eda de investigaci\u00f3n y peritos, con apoyo de dos elementos caninos del Heroico Cuerpo de Bomberos de aquella entidad, especializados en la b\u00fasqueda de personas, realizaron rastreos en el hogar de la menor extraviada, adem\u00e1s efectuaron recorridos sobre el camino que la menor recorr\u00eda para dirigirse a su escuela, esto con la finalidad de obtener m\u00e1s indicios que ayuden a dar con su paradero.<\/p>\n<p>Estas acciones, son parte de las actividades operativas y de inteligencia que inici\u00f3 la Procuradur\u00eda de Tlaxcala desde el primer minuto del reporte de la desaparici\u00f3n de la menor en San Pablo del Monte; del mismo modo, se continuar\u00e1n con estrategias contundentes que conlleven a trav\u00e9s de los medios necesarios a la localizaci\u00f3n de la afectada.<\/p>\n","protected":false},"excerpt":{"rendered":"<p>Como parte del compromiso de agotar todos los medios y l\u00edneas de investigaci\u00f3n, a fin de dar con el paradero de una menor de edad reportada como desaparecida en el municipio de San Pablo del Monte, la Procuradur\u00eda General de Justicia del Estado (PGJE) redobl\u00f3 y ejecut\u00f3 acciones de b\u00fasqueda en coordinaci\u00f3n de la Fiscal\u00eda General del Estado de Puebla.<br \/>\nEn primera instancia, y resultado de la debida integraci\u00f3n de la indagatoria correspondiente, el Agente del Ministerio P\u00fablico de la Procuradur\u00eda de Tlaxcala solicit\u00f3 a la dependencia hom\u00f3loga de Puebla una orden de cateo en un hotel ubicado en el centro del estado vecino.<\/p>\n","protected":false},"author":2,"featured_media":42642,"comment_status":"open","ping_status":"open","sticky":false,"template":"","format":"standard","meta":{"footnotes":""},"categories":[4],"tags":[],"class_list":["post-42641","post","type-post","status-publish","format-standard","has-post-thumbnail","hentry","category-local"],"_links":{"self":[{"href":"https:\/\/www.contextosdigital.com\/index.php?rest_route=\/wp\/v2\/posts\/42641","targetHints":{"allow":["GET"]}}],"collection":[{"href":"https:\/\/www.contextosdigital.com\/index.php?rest_route=\/wp\/v2\/posts"}],"about":[{"href":"https:\/\/www.contextosdigital.com\/index.php?rest_route=\/wp\/v2\/types\/post"}],"author":[{"embeddable":true,"href":"https:\/\/www.contextosdigital.com\/index.php?rest_route=\/wp\/v2\/users\/2"}],"replies":[{"embeddable":true,"href":"https:\/\/www.contextosdigital.com\/index.php?rest_route=%2Fwp%2Fv2%2Fcomments&post=42641"}],"version-history":[{"count":1,"href":"https:\/\/www.contextosdigital.com\/index.php?rest_route=\/wp\/v2\/posts\/42641\/revisions"}],"predecessor-version":[{"id":42643,"href":"https:\/\/www.contextosdigital.com\/index.php?rest_route=\/wp\/v2\/posts\/42641\/revisions\/42643"}],"wp:featuredmedia":[{"embeddable":true,"href":"https:\/\/www.contextosdigital.com\/index.php?rest_route=\/wp\/v2\/media\/42642"}],"wp:attachment":[{"href":"https:\/\/www.contextosdigital.com\/index.php?rest_route=%2Fwp%2Fv2%2Fmedia&parent=42641"}],"wp:term":[{"taxonomy":"category","embeddable":true,"href":"https:\/\/www.contextosdigital.com\/index.php?rest_route=%2Fwp%2Fv2%2Fcategories&post=42641"},{"taxonomy":"post_tag","embeddable":true,"href":"https:\/\/www.contextosdigital.com\/index.php?rest_route=%2Fwp%2Fv2%2Ftags&post=42641"}],"curies":[{"name":"wp","href":"https:\/\/api.w.org\/{rel}","templated":true}]}}