{"id":42638,"date":"2016-03-04T10:14:01","date_gmt":"2016-03-04T15:14:01","guid":{"rendered":"http:\/\/www.contextosdigital.com\/?p=42638"},"modified":"2016-03-04T10:14:01","modified_gmt":"2016-03-04T15:14:01","slug":"inaugura-mgz-planta-de-grupo-antolin-en-tlaxcala","status":"publish","type":"post","link":"https:\/\/www.contextosdigital.com\/?p=42638","title":{"rendered":"Inaugura MGZ planta de grupo Antol\u00edn en Tlaxcala"},"content":{"rendered":"<p>El Gobernador del Estado, Mariano Gonz\u00e1lez Zarur,\u00a0 encabez\u00f3 este jueves la inauguraci\u00f3n de la planta que el\u00a0 Grupo Antol\u00edn instal\u00f3 en Ciudad Industrial Xicoht\u00e9ncatl II, en Huamantla, evento en el que el presidente de esta empresa espa\u00f1ola, Ernesto Antol\u00edn, recalc\u00f3 la importancia de esta nueva sede en Tlaxcala, pues asegur\u00f3 que los empresarios del ramo automotriz est\u00e1n ciertos de que el fortalecimiento de su presencia en M\u00e9xico\u00a0 les permite jugar un papel relevante, ya que el pa\u00eds\u00a0 se consolida cada d\u00eda como un referente en este sector.<\/p>\n<p>\u201cM\u00e9xico est\u00e1 sentando las bases para convertirse en una referencia dentro del sector mundial y todos los que queremos jugar un papel relevante sabemos que debemos tener una s\u00f3lida presencia en este pa\u00eds. Para nosotros, la nueva f\u00e1brica de Tlaxcala supone un hito muy importante en nuestra historia\u201d, manifest\u00f3 el presidente.<\/p>\n<p>Asimismo, Ernesto Antol\u00edn enfatiz\u00f3\u00a0 que el respaldo y gesti\u00f3n\u00a0 del Mandatario, Gonz\u00e1lez Zarur fue primordial para seleccionar a Tlaxcala como sede de una planta en M\u00e9xico, la cual calific\u00f3 como una de sus estaciones estrella, pues cuenta con tecnolog\u00eda de vanguardia para la fabricaci\u00f3n de techos, puertas, respaldos entre otras piezas para autom\u00f3viles de la marca Audi, factor\u00eda que requiri\u00f3 una inversi\u00f3n de 35 millones de euros y que generar\u00e1, en una primera etapa, alrededor de 300 empleos en beneficio de\u00a0 tlaxcaltecas.<\/p>\n<p>\u201cQuerido Gobernador, nosotros somos la viva imagen de que su apuesta por el fomento de la econom\u00eda e industria est\u00e1 dando resultados. Cuando a la pol\u00edtica se le aplica criterio de gesti\u00f3n econ\u00f3mica y eficiencia, los resultados nos suelen tardar en llegar\u201d, se\u00f1al\u00f3.<\/p>\n<p>Por su parte, el Jefe del Ejecutivo estatal asever\u00f3 que con la llegada a Tlaxcala de esta importante empresa, demuestra que su administraci\u00f3n cumple con el compromiso de crear las condiciones necesarias para que los due\u00f1os del capital inviertan en el Estado y generen las fuentes de trabajo que contribuyen a mejorar la calidad de vida de la poblaci\u00f3n.<\/p>\n<p>\u201cCon tes\u00f3n, con promoci\u00f3n, dando a conocer las ventajas que tiene el Estado, hemos podido lograr que muchas empresas voltearan nuevamente los ojos hacia Tlaxcala como un polo de desarrollo econ\u00f3mico importante. Para nosotros ha sido fundamental crear las condiciones para impulsar el crecimiento y que se generen empleos formales, ya que ha sido uno de los principales objetivos de mi administraci\u00f3n\u201d puntualiz\u00f3 el Gobernador.<\/p>\n<p>En este sentido, Mariano Gonz\u00e1lez abund\u00f3 que como resultado de las pol\u00edticas p\u00fablicas emprendidas por su Gobierno, en cinco a\u00f1os, se logr\u00f3 modernizar y rehabilitar el 88 por ciento de la red carretera y ampliarla en 10 por ciento m\u00e1s, lo que permiti\u00f3 mejorar la conectividad y competitividad del Estado.<\/p>\n<p>Al igual que la instalaci\u00f3n de cuatro nuevos parques industriales con los mejores servicios, acciones a las que se suma el acompa\u00f1amiento y asesor\u00eda a las empresas para que puedan instalarse y desarrollarse satisfactoriamente.<\/p>\n<p>\u201cSomos un Estado facilitador, generador de un ambiente de negocios propicio para atraer, para que los empresarios nacionales e internacionales inviertan en Tlaxcala. Somos los aliados de los empresarios, pues hemos dise\u00f1ado pol\u00edticas especiales para impulsar sectores estrat\u00e9gicos y uno de ellos es el de la proveedur\u00eda de la industria automotriz\u201d, sostuvo el Mandatario.<\/p>\n<p>Gonz\u00e1lez Zarur hizo hincapi\u00e9 en que su Gobierno mantendr\u00e1 las l\u00edneas de acci\u00f3n encaminadas a la creaci\u00f3n de m\u00e1s empleos y a la consolidaci\u00f3n del desarrollo econ\u00f3mico, todo ello en beneficio de los tlaxcaltecas, estrategia que ha dado resultados satisfactorios.<\/p>\n<p>\u201cNosotros vamos a seguir trabajando de la mano con el sector empresarial para continuar creando oportunidades de desarrollo econ\u00f3mico para la entidad. Las estad\u00edsticas y los indicadores muestran que vamos bien, que la estrategia funciona, y con inversiones de empresas como la de Grupo Antol\u00edn solo se puede vislumbrar un futuro m\u00e1s pr\u00f3spero, m\u00e1s productivo y equitativo para la gente de Tlaxcala\u201d, concluy\u00f3.<\/p>\n<p>En este evento tambi\u00e9n estuvo presente el embajador de Espa\u00f1a en M\u00e9xico, Luis Fern\u00e1ndez-Cid de las Alas Pumari\u00f1o, quien recalc\u00f3 la excelente relaci\u00f3n comercial existente entre ambos pa\u00edses, la cual se fortalece con la llegada de m\u00e1s empresas como es el caso de Grupo Antol\u00edn que cuenta con otras siete plantas asentadas en territorio mexicano.<\/p>\n<p>Cabe se\u00f1alar que esta empresa es uno de los fabricantes de interiores de autom\u00f3vil m\u00e1s importantes a nivel global y est\u00e1 presente en uno de cada cuatro veh\u00edculos producidos en el mundo.<\/p>\n<p>La planta en Tlaxcala est\u00e1 asentada en una superficie de 12 mil metros cuadrados y cuenta con instalaciones multifuncionales equipadas con tecnolog\u00eda de vanguardia, que dar\u00e1 empleo a 300 personas y a m\u00e1s de 40 proveedores.<\/p>\n<p>Su ubicaci\u00f3n es estrat\u00e9gica, pues estar\u00e1 muy cerca de Audi, a la que destinar\u00e1 gran parte de su producci\u00f3n, que consiste en techos, puertas, asientos, consolas e iluminaci\u00f3n interior de autom\u00f3viles, entre otros.<\/p>\n<p>En este evento inaugural estuvieron presentes la secretaria de Turismo y Desarrollo Econ\u00f3mico, Kathya Torres V\u00e1zquez; el alcalde de Huamantla, Alejandro Aguilar L\u00f3pez, directivos y empleados de Antol\u00edn.<\/p>\n","protected":false},"excerpt":{"rendered":"<p>El Gobernador del Estado, Mariano Gonz\u00e1lez Zarur,  encabez\u00f3 este jueves la inauguraci\u00f3n de la planta que el  Grupo Antol\u00edn instal\u00f3 en Ciudad Industrial Xicoht\u00e9ncatl II, en Huamantla, evento en el que el presidente de esta empresa espa\u00f1ola, Ernesto Antol\u00edn, recalc\u00f3 la importancia de esta nueva sede en Tlaxcala, pues asegur\u00f3 que los empresarios del ramo automotriz est\u00e1n ciertos de que el fortalecimiento de su presencia en M\u00e9xico  les permite jugar un papel relevante, ya que el pa\u00eds  se consolida cada d\u00eda como un referente en este sector.<br \/>\n\u201cM\u00e9xico est\u00e1 sentando las bases para convertirse en una referencia dentro del sector mundial y todos los que queremos jugar un papel relevante sabemos que debemos tener una s\u00f3lida presencia en este pa\u00eds. Para nosotros, la nueva f\u00e1brica de Tlaxcala supone un hito muy importante en nuestra historia\u201d, manifest\u00f3 el presidente.<\/p>\n","protected":false},"author":2,"featured_media":42639,"comment_status":"open","ping_status":"open","sticky":false,"template":"","format":"standard","meta":{"footnotes":""},"categories":[4],"tags":[],"class_list":["post-42638","post","type-post","status-publish","format-standard","has-post-thumbnail","hentry","category-local"],"_links":{"self":[{"href":"https:\/\/www.contextosdigital.com\/index.php?rest_route=\/wp\/v2\/posts\/42638","targetHints":{"allow":["GET"]}}],"collection":[{"href":"https:\/\/www.contextosdigital.com\/index.php?rest_route=\/wp\/v2\/posts"}],"about":[{"href":"https:\/\/www.contextosdigital.com\/index.php?rest_route=\/wp\/v2\/types\/post"}],"author":[{"embeddable":true,"href":"https:\/\/www.contextosdigital.com\/index.php?rest_route=\/wp\/v2\/users\/2"}],"replies":[{"embeddable":true,"href":"https:\/\/www.contextosdigital.com\/index.php?rest_route=%2Fwp%2Fv2%2Fcomments&post=42638"}],"version-history":[{"count":1,"href":"https:\/\/www.contextosdigital.com\/index.php?rest_route=\/wp\/v2\/posts\/42638\/revisions"}],"predecessor-version":[{"id":42640,"href":"https:\/\/www.contextosdigital.com\/index.php?rest_route=\/wp\/v2\/posts\/42638\/revisions\/42640"}],"wp:featuredmedia":[{"embeddable":true,"href":"https:\/\/www.contextosdigital.com\/index.php?rest_route=\/wp\/v2\/media\/42639"}],"wp:attachment":[{"href":"https:\/\/www.contextosdigital.com\/index.php?rest_route=%2Fwp%2Fv2%2Fmedia&parent=42638"}],"wp:term":[{"taxonomy":"category","embeddable":true,"href":"https:\/\/www.contextosdigital.com\/index.php?rest_route=%2Fwp%2Fv2%2Fcategories&post=42638"},{"taxonomy":"post_tag","embeddable":true,"href":"https:\/\/www.contextosdigital.com\/index.php?rest_route=%2Fwp%2Fv2%2Ftags&post=42638"}],"curies":[{"name":"wp","href":"https:\/\/api.w.org\/{rel}","templated":true}]}}