{"id":42635,"date":"2016-03-04T10:12:49","date_gmt":"2016-03-04T15:12:49","guid":{"rendered":"http:\/\/www.contextosdigital.com\/?p=42635"},"modified":"2016-03-04T10:12:49","modified_gmt":"2016-03-04T15:12:49","slug":"mediante-un-esfuerzo-coordinado-favorece-gobierno-estatal-a-142-familias-con-vivienda-vertical","status":"publish","type":"post","link":"https:\/\/www.contextosdigital.com\/?p=42635","title":{"rendered":"Mediante un esfuerzo coordinado, favorece Gobierno Estatal a 142 familias con vivienda vertical"},"content":{"rendered":"<p>A fin de apoyar tanto a constructores para el desarrollo de vivienda vertical como a los tlaxcaltecas, a trav\u00e9s de subsidios para obtener una casa, el Gobierno del Estado, en coordinaci\u00f3n con la Secretar\u00eda de Desarrollo Agrario, Territorial y Urbano (Sedatu), otorg\u00f3 142 apoyos mediante el programa \u201cConsolidaci\u00f3n de Reservas Urbanas\u201d.<\/p>\n<p>De esta manera, la presente administraci\u00f3n encabezada por Mariano Gonz\u00e1lez Zarur, a trav\u00e9s del Instituto Inmobiliario de Desarrollo Urbano y Vivienda del Estado de Tlaxcala (Induvit), inici\u00f3 en 2014 este programa a favor de los tlaxcaltecas que no cuentan con una vivienda propia, as\u00ed como para que las constructoras ampl\u00eden los beneficios a quienes m\u00e1s lo necesitan.<\/p>\n<p>A partir de esta estrategia, la empresa \u201cConstruyendo tu Herencia\u201d obtuvo el beneficio de ser la primera constructora en aprobar los lineamientos que solicita la Sedatu, con el objetivo de edificar vivienda digna dirigida a los tlaxcaltecas mediante un subsidio.<\/p>\n<p>En una primera etapa, logr\u00f3 que a trav\u00e9s del fraccionamiento \u201cRinc\u00f3n de Santa \u00darsula\u201d, se favoreciera a 40 familias tlaxcaltecas con un subsidio de 30 mil pesos por departamento, mientras que en una segunda obtuvo el apoyo para beneficiar la construcci\u00f3n de 70 casas m\u00e1s.<\/p>\n<p>En tanto que \u201cTerranova\u201d fue la segunda constructora que obtuvo este subsidio a favor de 32 viviendas verticales con el complejo residencial \u201cValle Real\u201d.<\/p>\n<p>Cabe destacar que ambos fraccionamientos se encuentran en la comunidad de Santa \u00darsula, municipio de Yauhquemehcan; cuentan con espacios de dos rec\u00e1maras, sala-comedor, cocina, zotehuela, as\u00ed como con servicios como calentador solar y drenaje, por mencionar algunos.<\/p>\n<p>La ubicaci\u00f3n con la que cuentan estas 142 familias les permite acceder a fuentes de trabajo, escuelas, centros m\u00e9dicos, comerciales, de diversi\u00f3n, entre otros, debido a la cercan\u00eda que tienen con la comuna de Apizaco, que es de alrededor de cinco minutos.<\/p>\n<p>Es de resaltar que este programa beneficia tanto a los constructores como a los compradores; es decir, a las empresas se les entrega un subsidio para que tengan recursos econ\u00f3micos, con el objetivo de que adquieran terrenos y desarrollen m\u00e1s viviendas, con la condici\u00f3n de que el subsidio que da Sedatu se aplique al comprador.<\/p>\n<p>Asimismo, el comprador podr\u00e1 solicitar de manera directa un subsidio m\u00e1s de la Comisi\u00f3n Nacional de Vivienda (Conavi) para adquirir su casa, y con ello sumar dos beneficios a los que podr\u00e1n acceder.<\/p>\n<p>Esta estrategia tambi\u00e9n contribuye a la consolidaci\u00f3n de los centros de poblaci\u00f3n, y a evitar su expansi\u00f3n irracional mediante el fomento de la saturaci\u00f3n de vacantes urbanas y generar esquemas sustentables de movilidad, a efecto de facilitar el acceso pleno a los servicios de infraestructura y equipamiento a las poblaciones de menores ingresos.<\/p>\n<p>Con estas acciones, Gonz\u00e1lez Zarur fortalece la nueva pol\u00edtica nacional de vivienda del Gobierno de la Rep\u00fablica, que marca que las unidades habitacionales deben\u00a0 cubrir las necesidades de espacio de las familias y estar localizadas cerca de los servicios b\u00e1sicos.<\/p>\n","protected":false},"excerpt":{"rendered":"<p>A fin de apoyar tanto a constructores para el desarrollo de vivienda vertical como a los tlaxcaltecas, a trav\u00e9s de subsidios para obtener una casa, el Gobierno del Estado, en coordinaci\u00f3n con la Secretar\u00eda de Desarrollo Agrario, Territorial y Urbano (Sedatu), otorg\u00f3 142 apoyos mediante el programa \u201cConsolidaci\u00f3n de Reservas Urbanas\u201d.<br \/>\nDe esta manera, la presente administraci\u00f3n encabezada por Mariano Gonz\u00e1lez Zarur, a trav\u00e9s del Instituto Inmobiliario de Desarrollo Urbano y Vivienda del Estado de Tlaxcala (Induvit), inici\u00f3 en 2014 este programa a favor de los tlaxcaltecas que no cuentan con una vivienda propia, as\u00ed como para que las constructoras ampl\u00eden los beneficios a quienes m\u00e1s lo necesitan.<br \/>\nA partir de esta estrategia, la empresa \u201cConstruyendo tu Herencia\u201d obtuvo el beneficio de ser la primera constructora en aprobar los lineamientos que solicita la Sedatu, con el objetivo de edificar vivienda digna dirigida a los tlaxcaltecas mediante un subsidio.<\/p>\n","protected":false},"author":2,"featured_media":42636,"comment_status":"open","ping_status":"open","sticky":false,"template":"","format":"standard","meta":{"footnotes":""},"categories":[4],"tags":[],"class_list":["post-42635","post","type-post","status-publish","format-standard","has-post-thumbnail","hentry","category-local"],"_links":{"self":[{"href":"https:\/\/www.contextosdigital.com\/index.php?rest_route=\/wp\/v2\/posts\/42635","targetHints":{"allow":["GET"]}}],"collection":[{"href":"https:\/\/www.contextosdigital.com\/index.php?rest_route=\/wp\/v2\/posts"}],"about":[{"href":"https:\/\/www.contextosdigital.com\/index.php?rest_route=\/wp\/v2\/types\/post"}],"author":[{"embeddable":true,"href":"https:\/\/www.contextosdigital.com\/index.php?rest_route=\/wp\/v2\/users\/2"}],"replies":[{"embeddable":true,"href":"https:\/\/www.contextosdigital.com\/index.php?rest_route=%2Fwp%2Fv2%2Fcomments&post=42635"}],"version-history":[{"count":1,"href":"https:\/\/www.contextosdigital.com\/index.php?rest_route=\/wp\/v2\/posts\/42635\/revisions"}],"predecessor-version":[{"id":42637,"href":"https:\/\/www.contextosdigital.com\/index.php?rest_route=\/wp\/v2\/posts\/42635\/revisions\/42637"}],"wp:featuredmedia":[{"embeddable":true,"href":"https:\/\/www.contextosdigital.com\/index.php?rest_route=\/wp\/v2\/media\/42636"}],"wp:attachment":[{"href":"https:\/\/www.contextosdigital.com\/index.php?rest_route=%2Fwp%2Fv2%2Fmedia&parent=42635"}],"wp:term":[{"taxonomy":"category","embeddable":true,"href":"https:\/\/www.contextosdigital.com\/index.php?rest_route=%2Fwp%2Fv2%2Fcategories&post=42635"},{"taxonomy":"post_tag","embeddable":true,"href":"https:\/\/www.contextosdigital.com\/index.php?rest_route=%2Fwp%2Fv2%2Ftags&post=42635"}],"curies":[{"name":"wp","href":"https:\/\/api.w.org\/{rel}","templated":true}]}}