{"id":42626,"date":"2016-03-04T10:08:19","date_gmt":"2016-03-04T15:08:19","guid":{"rendered":"http:\/\/www.contextosdigital.com\/?p=42626"},"modified":"2016-03-04T10:08:19","modified_gmt":"2016-03-04T15:08:19","slug":"concluye-secretaria-de-educacion-tercer-bloque-de-evaluaciones","status":"publish","type":"post","link":"https:\/\/www.contextosdigital.com\/?p=42626","title":{"rendered":"Concluye Secretar\u00eda de Educaci\u00f3n tercer bloque de evaluaciones"},"content":{"rendered":"<p>En el marco de la Reforma Educativa, la Secretar\u00eda de Educaci\u00f3n P\u00fablica del Estado concluy\u00f3 actividades del tercer bloque de evaluaciones en educaci\u00f3n b\u00e1sica de escuelas p\u00fablicas y privadas, correspondientes al ciclo escolar 2015-2016.<\/p>\n<p>Padres de familia y tutores de los niveles de primaria y secundaria en sus diferentes modalidades, acuden a las instituciones de educativas, con la finalidad de firmar las calificaciones de sus hijos y conocer cu\u00e1les son los avances y aspectos que deben apoyar para mejorar su calidad educativa de sus hijos.<\/p>\n<p>La maestra Justina P\u00e9rez Bote de quinto grado grupo \u201cD\u201d de la escuela primaria \u201cManuel Lardiz\u00e1bal\u201d, habl\u00f3 de la importancia de que exista un di\u00e1logo directo con los padres para que puedan continuar con el apoyo en casa y en algunos casos fortalecerlo en beneficio de los ni\u00f1os.<\/p>\n<p>\u201cLa educaci\u00f3n es tripartita, por ello deben estar presentes maestros, padres de familia y alumnos, es el mayor acercamiento que tenemos para saber c\u00f3mo pueden apoyar a sus hijos, porque nosotros no s\u00f3lo atendemos a un ni\u00f1o, sino a m\u00e1s de 30 y es necesario contar con su apoyo\u201d.<\/p>\n<p>Asegur\u00f3 que el trabajo coordinado entre docentes y padres de familia, permitir\u00e1 mejorar los bloques cuarto y quinto que restan para este ciclo escolar, adem\u00e1s de que se ver\u00e1 reflejado en el avance acad\u00e9mico de sus hijos.<\/p>\n<p>P\u00e9rez Bote felicit\u00f3 a los padres de familia que han apoyado a lo largo de este ciclo escolar a sus hijos y pidi\u00f3 a los dem\u00e1s, sumarse al trabajo que realizan apegado a los planes y programas de la SEP Federal, para cumplir con uno de los objetivos de mejorar el proceso ense\u00f1anza aprendizaje.<\/p>\n<p>Resalt\u00f3 en los bloques cuarto y quinto, fortalecer\u00e1n el trabajo de las asignaturas de matem\u00e1ticas, escritura y lectura, por lo que hizo un llamado a los padres de familia para que lean con sus hijos en casa y fomenten al h\u00e1bito y gusto por los libros.<\/p>\n","protected":false},"excerpt":{"rendered":"<p>En el marco de la Reforma Educativa, la Secretar\u00eda de Educaci\u00f3n P\u00fablica del Estado concluy\u00f3 actividades del tercer bloque de evaluaciones en educaci\u00f3n b\u00e1sica de escuelas p\u00fablicas y privadas, correspondientes al ciclo escolar 2015-2016.<br \/>\n Padres de familia y tutores de los niveles de primaria y secundaria en sus diferentes modalidades, acuden a las instituciones de educativas, con la finalidad de firmar las calificaciones de sus hijos y conocer cu\u00e1les son los avances y aspectos que deben apoyar para mejorar su calidad educativa de sus hijos.<br \/>\n La maestra Justina P\u00e9rez Bote de quinto grado grupo \u201cD\u201d de la escuela primaria \u201cManuel Lardiz\u00e1bal\u201d, habl\u00f3 de la importancia de que exista un di\u00e1logo directo con los padres para que puedan continuar con el apoyo en casa y en algunos casos fortalecerlo en beneficio de los ni\u00f1os.<\/p>\n","protected":false},"author":2,"featured_media":42627,"comment_status":"open","ping_status":"open","sticky":false,"template":"","format":"standard","meta":{"footnotes":""},"categories":[4],"tags":[],"class_list":["post-42626","post","type-post","status-publish","format-standard","has-post-thumbnail","hentry","category-local"],"_links":{"self":[{"href":"https:\/\/www.contextosdigital.com\/index.php?rest_route=\/wp\/v2\/posts\/42626","targetHints":{"allow":["GET"]}}],"collection":[{"href":"https:\/\/www.contextosdigital.com\/index.php?rest_route=\/wp\/v2\/posts"}],"about":[{"href":"https:\/\/www.contextosdigital.com\/index.php?rest_route=\/wp\/v2\/types\/post"}],"author":[{"embeddable":true,"href":"https:\/\/www.contextosdigital.com\/index.php?rest_route=\/wp\/v2\/users\/2"}],"replies":[{"embeddable":true,"href":"https:\/\/www.contextosdigital.com\/index.php?rest_route=%2Fwp%2Fv2%2Fcomments&post=42626"}],"version-history":[{"count":1,"href":"https:\/\/www.contextosdigital.com\/index.php?rest_route=\/wp\/v2\/posts\/42626\/revisions"}],"predecessor-version":[{"id":42628,"href":"https:\/\/www.contextosdigital.com\/index.php?rest_route=\/wp\/v2\/posts\/42626\/revisions\/42628"}],"wp:featuredmedia":[{"embeddable":true,"href":"https:\/\/www.contextosdigital.com\/index.php?rest_route=\/wp\/v2\/media\/42627"}],"wp:attachment":[{"href":"https:\/\/www.contextosdigital.com\/index.php?rest_route=%2Fwp%2Fv2%2Fmedia&parent=42626"}],"wp:term":[{"taxonomy":"category","embeddable":true,"href":"https:\/\/www.contextosdigital.com\/index.php?rest_route=%2Fwp%2Fv2%2Fcategories&post=42626"},{"taxonomy":"post_tag","embeddable":true,"href":"https:\/\/www.contextosdigital.com\/index.php?rest_route=%2Fwp%2Fv2%2Ftags&post=42626"}],"curies":[{"name":"wp","href":"https:\/\/api.w.org\/{rel}","templated":true}]}}