{"id":42623,"date":"2016-03-04T10:06:39","date_gmt":"2016-03-04T15:06:39","guid":{"rendered":"http:\/\/www.contextosdigital.com\/?p=42623"},"modified":"2016-03-04T10:06:39","modified_gmt":"2016-03-04T15:06:39","slug":"diplomado-teatral-del-centro-de-las-artes-ofrece-conocimientos-de-vanguardia-sanchez","status":"publish","type":"post","link":"https:\/\/www.contextosdigital.com\/?p=42623","title":{"rendered":"Diplomado teatral del Centro de las Artes ofrece conocimientos de vanguardia: S\u00e1nchez"},"content":{"rendered":"<p>Los talleres art\u00edsticos que se imparten en el Centro de las Artes ofrecen conocimientos vanguardistas a creadores y promotores culturales de la entidad, afirm\u00f3 Sebasti\u00e1n S\u00e1nchez Am\u00fanantegui, docente del \u201cDiplomado Pr\u00e1ctico en Profesionalizaci\u00f3n Teatral\u201d, que organiz\u00f3 el Gobierno del Estado, a trav\u00e9s del Instituto Tlaxcalteca de la Cultura (ITC).<\/p>\n<p>S\u00e1nchez Am\u00fanantegui detall\u00f3 que con el respaldo del Gobierno de Mariano Gonz\u00e1lez Zarur, los m\u00e9todos de trabajo dirigidos a los estudiantes en este primer diplomado, son los m\u00e1s actuales y se utilizan en importantes escenarios, tanto nacionales como internacionales.<\/p>\n<p>Subray\u00f3 que los alumnos de este diplomado conocer\u00e1n del arte teatral desde lo b\u00e1sico, como el guion, hasta los aspectos mec\u00e1nicos, a fin de que est\u00e9n en condiciones de materializar sus ideas y posicionarse en el mercado de manera exitosa.<\/p>\n<p>De igual manera, detall\u00f3 que este primer taller pr\u00e1ctico tendr\u00e1 una duraci\u00f3n total de 25 horas, en las que los alumnos conocer\u00e1n c\u00f3mo producir un evento en diversos\u00a0 g\u00e9neros o especialidades, entre ellos: teatro, danza, \u00f3pera o concierto.<\/p>\n<p>Adem\u00e1s, adquirir\u00e1n las herramientas para hacer\u00a0 textos e integrar equipo creativo, elenco, ensayos, escenograf\u00eda, vestuario e iluminaci\u00f3n, con la finalidad de cubrir todas las etapas guiadas por el productor.<\/p>\n<p>S\u00e1nchez Am\u00fanantegui es de origen chileno, con 15 a\u00f1os de trayectoria y, entre otros lugares, trabaj\u00f3 en el Instituto Nacional de Bellas Artes (Inba), y fue productor y director independiente en importantes teatros, adem\u00e1s dirigi\u00f3 obras como \u201cEl buen canario\u201d, \u201cLa novicia rebelde\u201d, \u201cBallet\u00edsimo\u201d y \u201cBallets del Auditorio Nacional\u201d, entre otros.<\/p>\n<p>Es de mencionar que el ITC tambi\u00e9n cuenta con talleres-seminario sobre: \u201cGr\u00e1fica Contempor\u00e1nea\u201d, \u201cPoes\u00eda para Escritores\u201d, \u201cDramaturgia\u201d y \u201cEscultura\u201d, dirigidos a artistas pl\u00e1sticos, estudiantes de artes visuales, poetas, dramaturgos, escritores y p\u00fablico en general, respectivamente.<\/p>\n<p>A estas actividades se sumar\u00e1 el \u201cTaller Cer\u00e1mica de Mata Ortiz, Chiahuhua\u201d, del 21 al 26 de marzo, que ser\u00e1 impartido por expertos en la elaboraci\u00f3n de piezas con este material.<\/p>\n<p>Los interesados en conocer m\u00e1s de la oferta acad\u00e9mica del Centro de las Artes, pueden consultar la p\u00e1gina www.culturatlaxcala.com.mx.<\/p>\n<p>Quienes deseen inscribirse pueden ponerse en contacto v\u00eda correo electr\u00f3nico a talleresceart@gmail.com o acudir directamente a la Coordinaci\u00f3n Acad\u00e9mica en el Centro de las Artes ubicada en calle \u00c1ngel Solana n\u00famero 9, primera secci\u00f3n, San Luis Apizaquito, municipio de Apizaco.<\/p>\n<p>Es as\u00ed como el Gobierno de Mariano Gonz\u00e1lez Zaru, refrenda su compromiso con los tlaxcaltecas, al acercar talleres gratuitos de calidad para los artistas de la entidad.<\/p>\n","protected":false},"excerpt":{"rendered":"<p>Los talleres art\u00edsticos que se imparten en el Centro de las Artes ofrecen conocimientos vanguardistas a creadores y promotores culturales de la entidad, afirm\u00f3 Sebasti\u00e1n S\u00e1nchez Am\u00fanantegui, docente del \u201cDiplomado Pr\u00e1ctico en Profesionalizaci\u00f3n Teatral\u201d, que organiz\u00f3 el Gobierno del Estado, a trav\u00e9s del Instituto Tlaxcalteca de la Cultura (ITC).<br \/>\nS\u00e1nchez Am\u00fanantegui detall\u00f3 que con el respaldo del Gobierno de Mariano Gonz\u00e1lez Zarur, los m\u00e9todos de trabajo dirigidos a los estudiantes en este primer diplomado, son los m\u00e1s actuales y se utilizan en importantes escenarios, tanto nacionales como internacionales.<br \/>\nSubray\u00f3 que los alumnos de este diplomado conocer\u00e1n del arte teatral desde lo b\u00e1sico, como el guion, hasta los aspectos mec\u00e1nicos, a fin de que est\u00e9n en condiciones de materializar sus ideas y posicionarse en el mercado de manera exitosa. <\/p>\n","protected":false},"author":2,"featured_media":42624,"comment_status":"open","ping_status":"open","sticky":false,"template":"","format":"standard","meta":{"footnotes":""},"categories":[4],"tags":[],"class_list":["post-42623","post","type-post","status-publish","format-standard","has-post-thumbnail","hentry","category-local"],"_links":{"self":[{"href":"https:\/\/www.contextosdigital.com\/index.php?rest_route=\/wp\/v2\/posts\/42623","targetHints":{"allow":["GET"]}}],"collection":[{"href":"https:\/\/www.contextosdigital.com\/index.php?rest_route=\/wp\/v2\/posts"}],"about":[{"href":"https:\/\/www.contextosdigital.com\/index.php?rest_route=\/wp\/v2\/types\/post"}],"author":[{"embeddable":true,"href":"https:\/\/www.contextosdigital.com\/index.php?rest_route=\/wp\/v2\/users\/2"}],"replies":[{"embeddable":true,"href":"https:\/\/www.contextosdigital.com\/index.php?rest_route=%2Fwp%2Fv2%2Fcomments&post=42623"}],"version-history":[{"count":1,"href":"https:\/\/www.contextosdigital.com\/index.php?rest_route=\/wp\/v2\/posts\/42623\/revisions"}],"predecessor-version":[{"id":42625,"href":"https:\/\/www.contextosdigital.com\/index.php?rest_route=\/wp\/v2\/posts\/42623\/revisions\/42625"}],"wp:featuredmedia":[{"embeddable":true,"href":"https:\/\/www.contextosdigital.com\/index.php?rest_route=\/wp\/v2\/media\/42624"}],"wp:attachment":[{"href":"https:\/\/www.contextosdigital.com\/index.php?rest_route=%2Fwp%2Fv2%2Fmedia&parent=42623"}],"wp:term":[{"taxonomy":"category","embeddable":true,"href":"https:\/\/www.contextosdigital.com\/index.php?rest_route=%2Fwp%2Fv2%2Fcategories&post=42623"},{"taxonomy":"post_tag","embeddable":true,"href":"https:\/\/www.contextosdigital.com\/index.php?rest_route=%2Fwp%2Fv2%2Ftags&post=42623"}],"curies":[{"name":"wp","href":"https:\/\/api.w.org\/{rel}","templated":true}]}}