{"id":42619,"date":"2016-03-04T10:04:17","date_gmt":"2016-03-04T15:04:17","guid":{"rendered":"http:\/\/www.contextosdigital.com\/?p=42619"},"modified":"2016-03-04T10:04:17","modified_gmt":"2016-03-04T15:04:17","slug":"acepta-gobierno-del-estado-recomendacion-de-la-cndh","status":"publish","type":"post","link":"https:\/\/www.contextosdigital.com\/?p=42619","title":{"rendered":"Acepta Gobierno del Estado recomendaci\u00f3n de la CNDH"},"content":{"rendered":"<p>El Gobierno del Estado acepta la recomendaci\u00f3n 05\/2016, emitida por la Comisi\u00f3n Nacional de los Derechos Humanos (CNDH) y notificada hoy al Ejecutivo estatal, con el prop\u00f3sito de atender las observaciones realizadas por el organismo aut\u00f3nomo.<\/p>\n<p>Al informar lo anterior, el secretario de Gobierno, Ernesto Ord\u00f3\u00f1ez Carrera, manifest\u00f3 que el Gobernador Mariano Gonz\u00e1lez Zarur lo instruy\u00f3 para responder en positivo, y en t\u00e9rminos de ley, la recomendaci\u00f3n derivada de la violaci\u00f3n a derechos humanos cometida durante una manifestaci\u00f3n el 28 de mayo de 2014, en la que un grupo de personas cerr\u00f3 los accesos de la Junta Local de Conciliaci\u00f3n y Arbitraje (JLCyA).<\/p>\n<p>Por ello, indic\u00f3 que se tomar\u00e1n las medidas necesarias para la reparaci\u00f3n del da\u00f1o ocasionado a los jubilados en t\u00e9rminos de la Ley de Atenci\u00f3n y Protecci\u00f3n a V\u00edctimas y Ofendidos del Delito para el Estado de Tlaxcala, a fin de garantizar su acceso a medidas de apoyo, de conformidad con la norma.<\/p>\n<p>Ord\u00f3\u00f1ez Carrera dijo que la administraci\u00f3n estatal expresa su respeto a la CNDH y a su resoluci\u00f3n, y que refrenda su compromiso con el fomento a la cultura de los derechos humanos, por lo que continuar\u00e1n las acciones para mejorar los protocolos de actuaci\u00f3n de la fuerza p\u00fablica, as\u00ed como la capacitaci\u00f3n, que hoy es sistem\u00e1tica, en esta materia, dirigida a los integrantes de los cuerpos de seguridad.<\/p>\n<p>Mencion\u00f3 que tambi\u00e9n se colaborar\u00e1 con la CNDH en la investigaci\u00f3n a los servidores p\u00fablicos que participaron en el operativo realizado en las instalaciones de la JLCyA, para determinar responsabilidades administrativas.<\/p>\n<p>El titular de la Secretar\u00eda de Gobierno (Segob) asever\u00f3 que, en los mismos t\u00e9rminos, se atender\u00e1n los puntos observados a la Presidente de la JLCyA, Karina Edith Torres V\u00e1zquez, para emprender las gestiones que en derecho procedan y culminar la debida integraci\u00f3n de los expedientes laborales de los jubilados, a efecto de que, a la brevedad procesal, sean dictados los laudos correspondientes.<\/p>\n<p>De esta manera, puntualiz\u00f3 que el Gobierno del Estado manifiesta su disposici\u00f3n de acatar de manera pronta, transparente y expedita las solicitudes de la CNDH, como qued\u00f3 establecido en el Plan Estatal de Desarrollo 2011-2016.<\/p>\n","protected":false},"excerpt":{"rendered":"<p>El Gobierno del Estado acepta la recomendaci\u00f3n 05\/2016, emitida por la Comisi\u00f3n Nacional de los Derechos Humanos (CNDH) y notificada hoy al Ejecutivo estatal, con el prop\u00f3sito de atender las observaciones realizadas por el organismo aut\u00f3nomo.<br \/>\nAl informar lo anterior, el secretario de Gobierno, Ernesto Ord\u00f3\u00f1ez Carrera, manifest\u00f3 que el Gobernador Mariano Gonz\u00e1lez Zarur lo instruy\u00f3 para responder en positivo, y en t\u00e9rminos de ley, la recomendaci\u00f3n derivada de la violaci\u00f3n a derechos humanos cometida durante una manifestaci\u00f3n el 28 de mayo de 2014, en la que un grupo de personas cerr\u00f3 los accesos de la Junta Local de Conciliaci\u00f3n y Arbitraje (JLCyA).<\/p>\n","protected":false},"author":2,"featured_media":0,"comment_status":"open","ping_status":"open","sticky":false,"template":"","format":"standard","meta":{"footnotes":""},"categories":[4],"tags":[],"class_list":["post-42619","post","type-post","status-publish","format-standard","hentry","category-local"],"_links":{"self":[{"href":"https:\/\/www.contextosdigital.com\/index.php?rest_route=\/wp\/v2\/posts\/42619","targetHints":{"allow":["GET"]}}],"collection":[{"href":"https:\/\/www.contextosdigital.com\/index.php?rest_route=\/wp\/v2\/posts"}],"about":[{"href":"https:\/\/www.contextosdigital.com\/index.php?rest_route=\/wp\/v2\/types\/post"}],"author":[{"embeddable":true,"href":"https:\/\/www.contextosdigital.com\/index.php?rest_route=\/wp\/v2\/users\/2"}],"replies":[{"embeddable":true,"href":"https:\/\/www.contextosdigital.com\/index.php?rest_route=%2Fwp%2Fv2%2Fcomments&post=42619"}],"version-history":[{"count":1,"href":"https:\/\/www.contextosdigital.com\/index.php?rest_route=\/wp\/v2\/posts\/42619\/revisions"}],"predecessor-version":[{"id":42620,"href":"https:\/\/www.contextosdigital.com\/index.php?rest_route=\/wp\/v2\/posts\/42619\/revisions\/42620"}],"wp:attachment":[{"href":"https:\/\/www.contextosdigital.com\/index.php?rest_route=%2Fwp%2Fv2%2Fmedia&parent=42619"}],"wp:term":[{"taxonomy":"category","embeddable":true,"href":"https:\/\/www.contextosdigital.com\/index.php?rest_route=%2Fwp%2Fv2%2Fcategories&post=42619"},{"taxonomy":"post_tag","embeddable":true,"href":"https:\/\/www.contextosdigital.com\/index.php?rest_route=%2Fwp%2Fv2%2Ftags&post=42619"}],"curies":[{"name":"wp","href":"https:\/\/api.w.org\/{rel}","templated":true}]}}