{"id":42614,"date":"2016-03-04T10:01:29","date_gmt":"2016-03-04T15:01:29","guid":{"rendered":"http:\/\/www.contextosdigital.com\/?p=42614"},"modified":"2016-03-04T10:01:29","modified_gmt":"2016-03-04T15:01:29","slug":"visitan-alumnos-de-tepehitec-instalaciones-de-la-policia-capitalina","status":"publish","type":"post","link":"https:\/\/www.contextosdigital.com\/?p=42614","title":{"rendered":"Visitan alumnos de Tepehitec instalaciones de la polic\u00eda capitalina"},"content":{"rendered":"<p>Alumnos, directivos y maestras de primer grado del Colegio Espa\u00f1ol, ubicado en la comunidad de La Trinidad Tepehitec, visitaron las instalaciones de la Direcci\u00f3n de Seguridad P\u00fablica, Vialidad y Protecci\u00f3n Civil Municipal de Tlaxcala.<\/p>\n<p>Raymundo Fragoso Mu\u00f1oz, director de Seguridad P\u00fablica Municipal de Tlaxcala, afirm\u00f3 que en el marco del programa del Departamento de Proximidad Social y Mediaci\u00f3n Comunitaria, denominado \u201cVisitas Did\u00e1cticas 2016\u201d, destinado a los centros educativos, el grupo arrib\u00f3 la ma\u00f1ana de este jueves 3 de marzo, al edificio de la polic\u00eda capitalina.<\/p>\n<p>Detall\u00f3 que en el recorrido por las instalaciones, los infantes conocieron c\u00f3mo se procesan las llamadas de emergencia en los tel\u00e9fonos de respuesta inmediata, 01 800 890 24 30, el 466 65 27\u00a0 y el WhatsApp 246 493 9160, adem\u00e1s del n\u00famero de emergencia 066 y denuncia an\u00f3nima 089.<\/p>\n<p>Posteriormente, los alumnos convivieron y conocieron de cerca el trabajo que realizan los elementos de las fuerzas municipales de Tlaxcala, en temas como manejo de equipo anti mot\u00edn y armer\u00eda; as\u00ed como\u00a0 vialidad y manejo de informaci\u00f3n digital de la incidencia delictiva.<\/p>\n<p>Fragoso Mu\u00f1oz se\u00f1al\u00f3 que la comunidad educativa de la instituci\u00f3n primaria, fue guiada por oficiales de la Unidad de Proximidad Social y Mediaci\u00f3n Comunitaria, por los diferentes departamentos, quienes pormenorizaron el quehacer y actividades que ejecuta la Direcci\u00f3n de Seguridad P\u00fablica, Vialidad y Protecci\u00f3n Civil Municipal de Tlaxcala al garantizar el cuidado de la integridad f\u00edsica y patrimonial de los tlaxcaltecas.<\/p>\n<p>Tras una capacitaci\u00f3n sobre manejo de extintores y control de fuego, a cargo de personal de Protecci\u00f3n Civil Municipal; D\u00e9bora Romero V\u00e1zquez, directora de la Instituci\u00f3n educativa, reconoci\u00f3 el trabajo que la polic\u00eda capitalina implementan en el cuidado de los menores y sus padres de familia.<\/p>\n","protected":false},"excerpt":{"rendered":"<p>Alumnos, directivos y maestras de primer grado del Colegio Espa\u00f1ol, ubicado en la comunidad de La Trinidad Tepehitec, visitaron las instalaciones de la Direcci\u00f3n de Seguridad P\u00fablica, Vialidad y Protecci\u00f3n Civil Municipal de Tlaxcala.<br \/>\nRaymundo Fragoso Mu\u00f1oz, director de Seguridad P\u00fablica Municipal de Tlaxcala, afirm\u00f3 que en el marco del programa del Departamento de Proximidad Social y Mediaci\u00f3n Comunitaria, denominado \u201cVisitas Did\u00e1cticas 2016\u201d, destinado a los centros educativos, el grupo arrib\u00f3 la ma\u00f1ana de este jueves 3 de marzo, al edificio de la polic\u00eda capitalina.<\/p>\n","protected":false},"author":2,"featured_media":42615,"comment_status":"open","ping_status":"open","sticky":false,"template":"","format":"standard","meta":{"footnotes":""},"categories":[4],"tags":[],"class_list":["post-42614","post","type-post","status-publish","format-standard","has-post-thumbnail","hentry","category-local"],"_links":{"self":[{"href":"https:\/\/www.contextosdigital.com\/index.php?rest_route=\/wp\/v2\/posts\/42614","targetHints":{"allow":["GET"]}}],"collection":[{"href":"https:\/\/www.contextosdigital.com\/index.php?rest_route=\/wp\/v2\/posts"}],"about":[{"href":"https:\/\/www.contextosdigital.com\/index.php?rest_route=\/wp\/v2\/types\/post"}],"author":[{"embeddable":true,"href":"https:\/\/www.contextosdigital.com\/index.php?rest_route=\/wp\/v2\/users\/2"}],"replies":[{"embeddable":true,"href":"https:\/\/www.contextosdigital.com\/index.php?rest_route=%2Fwp%2Fv2%2Fcomments&post=42614"}],"version-history":[{"count":1,"href":"https:\/\/www.contextosdigital.com\/index.php?rest_route=\/wp\/v2\/posts\/42614\/revisions"}],"predecessor-version":[{"id":42616,"href":"https:\/\/www.contextosdigital.com\/index.php?rest_route=\/wp\/v2\/posts\/42614\/revisions\/42616"}],"wp:featuredmedia":[{"embeddable":true,"href":"https:\/\/www.contextosdigital.com\/index.php?rest_route=\/wp\/v2\/media\/42615"}],"wp:attachment":[{"href":"https:\/\/www.contextosdigital.com\/index.php?rest_route=%2Fwp%2Fv2%2Fmedia&parent=42614"}],"wp:term":[{"taxonomy":"category","embeddable":true,"href":"https:\/\/www.contextosdigital.com\/index.php?rest_route=%2Fwp%2Fv2%2Fcategories&post=42614"},{"taxonomy":"post_tag","embeddable":true,"href":"https:\/\/www.contextosdigital.com\/index.php?rest_route=%2Fwp%2Fv2%2Ftags&post=42614"}],"curies":[{"name":"wp","href":"https:\/\/api.w.org\/{rel}","templated":true}]}}