{"id":42611,"date":"2016-03-04T09:59:53","date_gmt":"2016-03-04T14:59:53","guid":{"rendered":"http:\/\/www.contextosdigital.com\/?p=42611"},"modified":"2016-03-04T09:59:53","modified_gmt":"2016-03-04T14:59:53","slug":"en-chiautempan-proteccion-civil-atiende-llamado-ciudadano","status":"publish","type":"post","link":"https:\/\/www.contextosdigital.com\/?p=42611","title":{"rendered":"En Chiautempan, Protecci\u00f3n civil atiende llamado ciudadano."},"content":{"rendered":"<p>Como parte de las actividades que realiza el ayuntamiento de Chiautempan, encabezado por el alcalde Antonio Mendoza Romero, a trav\u00e9s del \u00e1rea de Protecci\u00f3n Civil municipal, se atendi\u00f3 recientemente una solicitud para proveer un ambiente seguro en una instituci\u00f3n educativa ubicada en la comunidad de Santa Cruz Guadalupe.<\/p>\n<p>As\u00ed lo coment\u00f3 Efra\u00edn Tonix Galicia, director de dicha \u00e1rea, quien abund\u00f3 que a solicitud de la directora del plantel educativo, la ma\u00f1ana del s\u00e1bado pasado, personal adscrito a su \u00e1rea, en coordinaci\u00f3n con servicios p\u00fablicos municipales acudieron a realizar el desrame de un \u00e1rbol que por sus caracter\u00edsticas de tama\u00f1o y ubicaci\u00f3n, representaba un riesgo para la comunidad estudiantil que d\u00eda a d\u00eda transita por ese espacio.<\/p>\n<p>Los trabajos que se realizaron tambi\u00e9n en coordinaci\u00f3n con la presidencia de comunidad, fueron los de poda y desrame, previniendo alg\u00fan accidente que se pudiera suscitar a causa de alg\u00fan cambio clim\u00e1tico.<\/p>\n","protected":false},"excerpt":{"rendered":"<p>Como parte de las actividades que realiza el ayuntamiento de Chiautempan, encabezado por el alcalde Antonio Mendoza Romero, a trav\u00e9s del \u00e1rea de Protecci\u00f3n Civil municipal, se atendi\u00f3 recientemente una solicitud para proveer un ambiente seguro en una instituci\u00f3n educativa ubicada en la comunidad de Santa Cruz Guadalupe.<br \/>\nAs\u00ed lo coment\u00f3 Efra\u00edn Tonix Galicia, director de dicha \u00e1rea, quien abund\u00f3 que a solicitud de la directora del plantel educativo, la ma\u00f1ana del s\u00e1bado pasado, personal adscrito a su \u00e1rea, en coordinaci\u00f3n con servicios p\u00fablicos municipales acudieron a realizar el desrame de un \u00e1rbol que por sus caracter\u00edsticas de tama\u00f1o y ubicaci\u00f3n, representaba un riesgo para la comunidad estudiantil <\/p>\n","protected":false},"author":2,"featured_media":42612,"comment_status":"open","ping_status":"open","sticky":false,"template":"","format":"standard","meta":{"footnotes":""},"categories":[4],"tags":[],"class_list":["post-42611","post","type-post","status-publish","format-standard","has-post-thumbnail","hentry","category-local"],"_links":{"self":[{"href":"https:\/\/www.contextosdigital.com\/index.php?rest_route=\/wp\/v2\/posts\/42611","targetHints":{"allow":["GET"]}}],"collection":[{"href":"https:\/\/www.contextosdigital.com\/index.php?rest_route=\/wp\/v2\/posts"}],"about":[{"href":"https:\/\/www.contextosdigital.com\/index.php?rest_route=\/wp\/v2\/types\/post"}],"author":[{"embeddable":true,"href":"https:\/\/www.contextosdigital.com\/index.php?rest_route=\/wp\/v2\/users\/2"}],"replies":[{"embeddable":true,"href":"https:\/\/www.contextosdigital.com\/index.php?rest_route=%2Fwp%2Fv2%2Fcomments&post=42611"}],"version-history":[{"count":1,"href":"https:\/\/www.contextosdigital.com\/index.php?rest_route=\/wp\/v2\/posts\/42611\/revisions"}],"predecessor-version":[{"id":42613,"href":"https:\/\/www.contextosdigital.com\/index.php?rest_route=\/wp\/v2\/posts\/42611\/revisions\/42613"}],"wp:featuredmedia":[{"embeddable":true,"href":"https:\/\/www.contextosdigital.com\/index.php?rest_route=\/wp\/v2\/media\/42612"}],"wp:attachment":[{"href":"https:\/\/www.contextosdigital.com\/index.php?rest_route=%2Fwp%2Fv2%2Fmedia&parent=42611"}],"wp:term":[{"taxonomy":"category","embeddable":true,"href":"https:\/\/www.contextosdigital.com\/index.php?rest_route=%2Fwp%2Fv2%2Fcategories&post=42611"},{"taxonomy":"post_tag","embeddable":true,"href":"https:\/\/www.contextosdigital.com\/index.php?rest_route=%2Fwp%2Fv2%2Ftags&post=42611"}],"curies":[{"name":"wp","href":"https:\/\/api.w.org\/{rel}","templated":true}]}}