{"id":42596,"date":"2016-03-03T09:56:02","date_gmt":"2016-03-03T14:56:02","guid":{"rendered":"http:\/\/www.contextosdigital.com\/?p=42596"},"modified":"2016-03-03T09:56:02","modified_gmt":"2016-03-03T14:56:02","slug":"refrendan-mgz-y-director-de-cfe-trabajo-conjunto-en-beneficio-de-tlaxcaltecas","status":"publish","type":"post","link":"https:\/\/www.contextosdigital.com\/?p=42596","title":{"rendered":"Refrendan MGZ y director de CFE trabajo conjunto en beneficio de tlaxcaltecas"},"content":{"rendered":"<p>El Gobernador del Estado, Mariano Gonz\u00e1lez Zarur, sostuvo un encuentro de trabajo con el director general de la Comisi\u00f3n Federal de Electricidad (CFE), Enrique Ochoa Reza, en el que refrendaron su compromiso de mantener el trabajo conjunto y en plena coordinaci\u00f3n, a fin de fortalecer este servicio que contribuye a mejorar la calidad de vida de la poblaci\u00f3n.<\/p>\n<p>Durante la reuni\u00f3n, celebrada en la Ciudad de M\u00e9xico, el Mandatario agradeci\u00f3 el respaldo de la CFE que permiti\u00f3 a Tlaxcala alcanzar el 99 por ciento de cobertura de electrificaci\u00f3n en el Estado,\u00a0 en beneficio de\u00a0 26 mil 228 tlaxcaltecas.<\/p>\n<p>En este sentido, Gonz\u00e1lez Zarur record\u00f3 que este logro fue resultado de 320 ampliaciones de redes de energ\u00eda, por lo que actualmente este servicio llega a m\u00e1s personas que radican en zonas alejadas.<\/p>\n<p>Por su parte, Ochoa Reza ratific\u00f3 la disposici\u00f3n de la paraestatal de continuar con el trabajo en equipo con el Gobierno del Estado, a fin de contribuir al desarrollo de Tlaxcala y del pa\u00eds.<\/p>\n<p>Es as\u00ed como el Jefe del Ejecutivo estatal mantiene el trabajo interinstitucional que permite incrementar las acciones a favor del desarrollo de la entidad.<\/p>\n","protected":false},"excerpt":{"rendered":"<p>El Gobernador del Estado, Mariano Gonz\u00e1lez Zarur, sostuvo un encuentro de trabajo con el director general de la Comisi\u00f3n Federal de Electricidad (CFE), Enrique Ochoa Reza, en el que refrendaron su compromiso de mantener el trabajo conjunto y en plena coordinaci\u00f3n, a fin de fortalecer este servicio que contribuye a mejorar la calidad de vida de la poblaci\u00f3n.<br \/>\nDurante la reuni\u00f3n, celebrada en la Ciudad de M\u00e9xico, el Mandatario agradeci\u00f3 el respaldo de la CFE que permiti\u00f3 a Tlaxcala alcanzar el 99 por ciento de cobertura de electrificaci\u00f3n en el Estado,  en beneficio de  26 mil 228 tlaxcaltecas.<br \/>\nEn este sentido, Gonz\u00e1lez Zarur record\u00f3 que este logro fue resultado de 320 ampliaciones de redes de energ\u00eda, por lo que actualmente este servicio llega a m\u00e1s personas que radican en zonas alejadas.<\/p>\n","protected":false},"author":2,"featured_media":42597,"comment_status":"open","ping_status":"open","sticky":false,"template":"","format":"standard","meta":{"footnotes":""},"categories":[4],"tags":[],"class_list":["post-42596","post","type-post","status-publish","format-standard","has-post-thumbnail","hentry","category-local"],"_links":{"self":[{"href":"https:\/\/www.contextosdigital.com\/index.php?rest_route=\/wp\/v2\/posts\/42596","targetHints":{"allow":["GET"]}}],"collection":[{"href":"https:\/\/www.contextosdigital.com\/index.php?rest_route=\/wp\/v2\/posts"}],"about":[{"href":"https:\/\/www.contextosdigital.com\/index.php?rest_route=\/wp\/v2\/types\/post"}],"author":[{"embeddable":true,"href":"https:\/\/www.contextosdigital.com\/index.php?rest_route=\/wp\/v2\/users\/2"}],"replies":[{"embeddable":true,"href":"https:\/\/www.contextosdigital.com\/index.php?rest_route=%2Fwp%2Fv2%2Fcomments&post=42596"}],"version-history":[{"count":1,"href":"https:\/\/www.contextosdigital.com\/index.php?rest_route=\/wp\/v2\/posts\/42596\/revisions"}],"predecessor-version":[{"id":42598,"href":"https:\/\/www.contextosdigital.com\/index.php?rest_route=\/wp\/v2\/posts\/42596\/revisions\/42598"}],"wp:featuredmedia":[{"embeddable":true,"href":"https:\/\/www.contextosdigital.com\/index.php?rest_route=\/wp\/v2\/media\/42597"}],"wp:attachment":[{"href":"https:\/\/www.contextosdigital.com\/index.php?rest_route=%2Fwp%2Fv2%2Fmedia&parent=42596"}],"wp:term":[{"taxonomy":"category","embeddable":true,"href":"https:\/\/www.contextosdigital.com\/index.php?rest_route=%2Fwp%2Fv2%2Fcategories&post=42596"},{"taxonomy":"post_tag","embeddable":true,"href":"https:\/\/www.contextosdigital.com\/index.php?rest_route=%2Fwp%2Fv2%2Ftags&post=42596"}],"curies":[{"name":"wp","href":"https:\/\/api.w.org\/{rel}","templated":true}]}}