{"id":42593,"date":"2016-03-03T09:53:36","date_gmt":"2016-03-03T14:53:36","guid":{"rendered":"http:\/\/www.contextosdigital.com\/?p=42593"},"modified":"2016-03-03T09:53:36","modified_gmt":"2016-03-03T14:53:36","slug":"ser-padres-es-un-regalo-con-responsabilidad-cobat","status":"publish","type":"post","link":"https:\/\/www.contextosdigital.com\/?p=42593","title":{"rendered":"Ser padres es un regalo con responsabilidad: COBAT"},"content":{"rendered":"<p>En la primera reuni\u00f3n de este a\u00f1o, Directivos, docentes y padres de familia del Plantel 13 Papalotla del Colegio de Bachilleres, presenciaron la conferencia denominada \u201cEl ser Padre, es ser Responsable\u201d, con el objetivo de guiar a los alumnos para que alcancen su m\u00e1ximo potencial acad\u00e9mico, a fin de evitar la reprobaci\u00f3n y el abandono escolar.<\/p>\n<p>Al iniciar la pl\u00e1tica con m\u00e1s de 300 padres de familia reunidos en el patio c\u00edvico\u00a0 de ese Plantel, el ponente Gustavo Garc\u00eda, manifest\u00f3 que la primera herramienta para ser mejores padres es la confianza y el acercamiento con los hijos.<\/p>\n<p>En una din\u00e1mica familiar, el coaching, encauz\u00f3\u00a0 la pl\u00e1tica con la intenci\u00f3n de que los padres aprendan a educar, se actualicen, motiven e inspiren a sus hijos, a desarrollar todas sus habilidades en pro de su futuro como profesionistas.<\/p>\n<p>Por ello los condujo de forma reflexiva, c\u00f3mo guiar de manera inteligente y formar hijos fuertes, para que alcancen su m\u00e1ximo potencial educativo, \u201cese es el reto para los padres de hoy\u201d, advirti\u00f3 el conferencista.<\/p>\n<p>Les dijo que en estos tiempos de cambio, el reto que tienen los padres, es hacer de sus hijos, j\u00f3venes fuertes, para que den su m\u00e1ximo potencial educativo, y alcancen un\u00a0 proyecto de vida que los lleve a niveles de calidad de vida.<\/p>\n<p>Posteriormente el Director del Plantel, Lucio H\u00e9ctor Gonz\u00e1lez Tepatzi, exhorto a los padres de familia, establecer conexi\u00f3n con sus hijos\u00a0 para ver su preparaci\u00f3n acad\u00e9mica, no sin antes autocalificarse, en el inter\u00e9s que tienen\u00a0 por ellos.<\/p>\n","protected":false},"excerpt":{"rendered":"<p>En la primera reuni\u00f3n de este a\u00f1o, Directivos, docentes y padres de familia del Plantel 13 Papalotla del Colegio de Bachilleres, presenciaron la conferencia denominada \u201cEl ser Padre, es ser Responsable\u201d, con el objetivo de guiar a los alumnos para que alcancen su m\u00e1ximo potencial acad\u00e9mico, a fin de evitar la reprobaci\u00f3n y el abandono escolar.<br \/>\nAl iniciar la pl\u00e1tica con m\u00e1s de 300 padres de familia reunidos en el patio c\u00edvico  de ese Plantel, el ponente Gustavo Garc\u00eda, manifest\u00f3 que la primera herramienta para ser mejores padres es la confianza y el acercamiento con los hijos.<br \/>\nEn una din\u00e1mica familiar, el coaching, encauz\u00f3  la pl\u00e1tica con la intenci\u00f3n de que los padres aprendan a educar, se actualicen, motiven e inspiren a sus hijos, a desarrollar todas sus habilidades en pro de su futuro como profesionistas.<br \/>\nPor ello los condujo de forma reflexiva, c\u00f3mo guiar de manera inteligente y formar hijos fuertes, para que alcancen su m\u00e1ximo potencial educativo, \u201cese es el reto para los padres de hoy\u201d, advirti\u00f3 el conferencista.<\/p>\n","protected":false},"author":2,"featured_media":42594,"comment_status":"open","ping_status":"open","sticky":false,"template":"","format":"standard","meta":{"footnotes":""},"categories":[4],"tags":[],"class_list":["post-42593","post","type-post","status-publish","format-standard","has-post-thumbnail","hentry","category-local"],"_links":{"self":[{"href":"https:\/\/www.contextosdigital.com\/index.php?rest_route=\/wp\/v2\/posts\/42593","targetHints":{"allow":["GET"]}}],"collection":[{"href":"https:\/\/www.contextosdigital.com\/index.php?rest_route=\/wp\/v2\/posts"}],"about":[{"href":"https:\/\/www.contextosdigital.com\/index.php?rest_route=\/wp\/v2\/types\/post"}],"author":[{"embeddable":true,"href":"https:\/\/www.contextosdigital.com\/index.php?rest_route=\/wp\/v2\/users\/2"}],"replies":[{"embeddable":true,"href":"https:\/\/www.contextosdigital.com\/index.php?rest_route=%2Fwp%2Fv2%2Fcomments&post=42593"}],"version-history":[{"count":1,"href":"https:\/\/www.contextosdigital.com\/index.php?rest_route=\/wp\/v2\/posts\/42593\/revisions"}],"predecessor-version":[{"id":42595,"href":"https:\/\/www.contextosdigital.com\/index.php?rest_route=\/wp\/v2\/posts\/42593\/revisions\/42595"}],"wp:featuredmedia":[{"embeddable":true,"href":"https:\/\/www.contextosdigital.com\/index.php?rest_route=\/wp\/v2\/media\/42594"}],"wp:attachment":[{"href":"https:\/\/www.contextosdigital.com\/index.php?rest_route=%2Fwp%2Fv2%2Fmedia&parent=42593"}],"wp:term":[{"taxonomy":"category","embeddable":true,"href":"https:\/\/www.contextosdigital.com\/index.php?rest_route=%2Fwp%2Fv2%2Fcategories&post=42593"},{"taxonomy":"post_tag","embeddable":true,"href":"https:\/\/www.contextosdigital.com\/index.php?rest_route=%2Fwp%2Fv2%2Ftags&post=42593"}],"curies":[{"name":"wp","href":"https:\/\/api.w.org\/{rel}","templated":true}]}}