{"id":42590,"date":"2016-03-03T09:52:15","date_gmt":"2016-03-03T14:52:15","guid":{"rendered":"http:\/\/www.contextosdigital.com\/?p=42590"},"modified":"2016-03-03T09:52:15","modified_gmt":"2016-03-03T14:52:15","slug":"en-chiautempan-obras-publicas-atiende-solicitud-ciudadana","status":"publish","type":"post","link":"https:\/\/www.contextosdigital.com\/?p=42590","title":{"rendered":"En Chiautempan, Obras p\u00fablicas atiende solicitud ciudadana."},"content":{"rendered":"<p>Tras recibir el reporte por parte de la direcci\u00f3n de seguridad p\u00fablica y vialidad municipal, en el cual la ciudadan\u00eda indic\u00f3 el hundimiento en el tramo de la calle Progreso esquina con Iturbide de la cabecera municipal, personal de obras p\u00fablicas y desarrollo urbano de Chiautempan se traslad\u00f3 para atender dicha solicitud.<\/p>\n<p>As\u00ed lo coment\u00f3 Jos\u00e9 Luis Zecua Ort\u00edz, director de dicha \u00e1rea, quien adem\u00e1s abund\u00f3 que alrededor de las 9:30 Hrs. del pasado martes, al recibir el reporte que indicaba un riesgo para quienes transitan por esa vialidad, personal adscrito a su \u00e1rea se traslad\u00f3 para evaluar las causas que originaron tal situaci\u00f3n, de este modo se detect\u00f3 la presencia de un desprendimiento que provoc\u00f3 la fuga de uno de los ductos de agua potable que ah\u00ed se encuentran, debido a los trabajos que fueron realizados por SECODUVI en el drenaje pluvial a finales del 2015.<\/p>\n<p>Zecua Ort\u00edz, inform\u00f3 que dicha situaci\u00f3n ya ha sido notificada a la Secretar\u00eda de Obras P\u00fablicas, Desarrollo Urbano y Vivienda para su atenci\u00f3n, mientras tanto a lo largo del martes, personal de seguridad p\u00fablica y vialidad municipal, de la comisi\u00f3n de agua potable y alcantarillado de Chiautempan y de obras p\u00fablicas del municipio, estuvieron realizando trabajos preliminares para su reparaci\u00f3n, ello con la intenci\u00f3n de evitar percance alguno o da\u00f1o a transe\u00fantes.<\/p>\n<p>Por lo que tambi\u00e9n se le recomienda a quienes transiten por esta zona que opten por rutas alternas para garantizar su seguridad.<\/p>\n","protected":false},"excerpt":{"rendered":"<p>Tras recibir el reporte por parte de la direcci\u00f3n de seguridad p\u00fablica y vialidad municipal, en el cual la ciudadan\u00eda indic\u00f3 el hundimiento en el tramo de la calle Progreso esquina con Iturbide de la cabecera municipal, personal de obras p\u00fablicas y desarrollo urbano de Chiautempan se traslad\u00f3 para atender dicha solicitud.<br \/>\nAs\u00ed lo coment\u00f3 Jos\u00e9 Luis Zecua Ort\u00edz, director de dicha \u00e1rea, quien adem\u00e1s abund\u00f3 que alrededor de las 9:30 Hrs. del pasado martes, al recibir el reporte que indicaba un riesgo para quienes transitan por esa vialidad, personal adscrito a su \u00e1rea se traslad\u00f3 para evaluar las causas que originaron tal situaci\u00f3n, de este modo se detect\u00f3 la presencia de un desprendimiento que provoc\u00f3 la fuga de uno de los ductos de agua potable que ah\u00ed se encuentran, debido a los trabajos que fueron realizados por SECODUVI en el drenaje pluvial a finales del 2015.<\/p>\n","protected":false},"author":2,"featured_media":42591,"comment_status":"open","ping_status":"open","sticky":false,"template":"","format":"standard","meta":{"footnotes":""},"categories":[4],"tags":[],"class_list":["post-42590","post","type-post","status-publish","format-standard","has-post-thumbnail","hentry","category-local"],"_links":{"self":[{"href":"https:\/\/www.contextosdigital.com\/index.php?rest_route=\/wp\/v2\/posts\/42590","targetHints":{"allow":["GET"]}}],"collection":[{"href":"https:\/\/www.contextosdigital.com\/index.php?rest_route=\/wp\/v2\/posts"}],"about":[{"href":"https:\/\/www.contextosdigital.com\/index.php?rest_route=\/wp\/v2\/types\/post"}],"author":[{"embeddable":true,"href":"https:\/\/www.contextosdigital.com\/index.php?rest_route=\/wp\/v2\/users\/2"}],"replies":[{"embeddable":true,"href":"https:\/\/www.contextosdigital.com\/index.php?rest_route=%2Fwp%2Fv2%2Fcomments&post=42590"}],"version-history":[{"count":1,"href":"https:\/\/www.contextosdigital.com\/index.php?rest_route=\/wp\/v2\/posts\/42590\/revisions"}],"predecessor-version":[{"id":42592,"href":"https:\/\/www.contextosdigital.com\/index.php?rest_route=\/wp\/v2\/posts\/42590\/revisions\/42592"}],"wp:featuredmedia":[{"embeddable":true,"href":"https:\/\/www.contextosdigital.com\/index.php?rest_route=\/wp\/v2\/media\/42591"}],"wp:attachment":[{"href":"https:\/\/www.contextosdigital.com\/index.php?rest_route=%2Fwp%2Fv2%2Fmedia&parent=42590"}],"wp:term":[{"taxonomy":"category","embeddable":true,"href":"https:\/\/www.contextosdigital.com\/index.php?rest_route=%2Fwp%2Fv2%2Fcategories&post=42590"},{"taxonomy":"post_tag","embeddable":true,"href":"https:\/\/www.contextosdigital.com\/index.php?rest_route=%2Fwp%2Fv2%2Ftags&post=42590"}],"curies":[{"name":"wp","href":"https:\/\/api.w.org\/{rel}","templated":true}]}}