{"id":42588,"date":"2016-03-03T09:50:57","date_gmt":"2016-03-03T14:50:57","guid":{"rendered":"http:\/\/www.contextosdigital.com\/?p=42588"},"modified":"2016-03-03T09:50:57","modified_gmt":"2016-03-03T14:50:57","slug":"brinda-comision-de-bioetica-atencion-en-nuevo-domicilio","status":"publish","type":"post","link":"https:\/\/www.contextosdigital.com\/?p=42588","title":{"rendered":"Brinda Comisi\u00f3n de Bio\u00e9tica atenci\u00f3n en nuevo domicilio"},"content":{"rendered":"<p>A fin de brindar atenci\u00f3n en un espacio m\u00e1s confortable y funcional, la Comisi\u00f3n de Bio\u00e9tica de Tlaxcala (Cobiet) \u2013organismo perteneciente a la Secretar\u00eda de Salud (Sesa)-\u00a0 cambi\u00f3 de domicilio, por lo que actualmente brinda servicio en privada del bulevar Revoluci\u00f3n, n\u00famero 46, en San Buenaventura Atempan, Tlaxcala.<\/p>\n<p>Jes\u00fas Ortega Rocha, titular de este organismo, explic\u00f3 que\u00a0 este nuevo domicilio cuenta con el espacio necesario para realizar actividades de asesor\u00eda, capacitaci\u00f3n y difusi\u00f3n en este tema, por lo que exhort\u00f3 a la poblaci\u00f3n interesada a que acuda a sus instalaciones donde recibir\u00e1 estos servicios.<\/p>\n<p>En este sentido, Ortega Rocha detall\u00f3 que la Cobiet se encarga de la promoci\u00f3n y vigilancia de los valores y principios \u00e9ticos en materia de salud y preservaci\u00f3n del medio ambiente.<\/p>\n<p>Adem\u00e1s, se ocupa de otorgar asesor\u00eda en este tema a organizaciones p\u00fablicas y privadas, pues el objetivo principal es difundir la cultura de la bio\u00e9tica y con ello fortalecer una convivencia arm\u00f3nica de la entidad, objetivo que tambi\u00e9n persigue el Gobierno encabezado por Mariano Gonz\u00e1lez Zarur.<\/p>\n<p>\u201cLa Cobiet gestiona la creaci\u00f3n, registro, funcionamiento y seguimiento de los Comit\u00e9s Hospitalarios de Bio\u00e9tica y \u00c9tica en el Estado, y participa en la generaci\u00f3n de material de apoyo para conformaci\u00f3n de pol\u00edticas p\u00fablicas en salud y medio ambiente sustentable\u201d recalc\u00f3 el funcionario.<\/p>\n<p>Asimismo, Jes\u00fas Ortega recalc\u00f3 que el fin \u00faltimo de la bio\u00e9tica es contribuir al respeto de los derechos humanos, a trav\u00e9s del ejercicio de los valores y principios morales de respeto a la vida y conservaci\u00f3n del medio ambiente.<\/p>\n<p>Finalmente, el coordinador de la Cobiet invit\u00f3 a los interesados en este t\u00f3pico a que acudan a sus instalaciones, o bien, se pongan en contacto a trav\u00e9s del n\u00famero telef\u00f3nico 01 (246) 46 2 17 24 o trav\u00e9s del correo electr\u00f3nico tlaxcalabioetica@gmail.com.<\/p>\n","protected":false},"excerpt":{"rendered":"<p>A fin de brindar atenci\u00f3n en un espacio m\u00e1s confortable y funcional, la Comisi\u00f3n de Bio\u00e9tica de Tlaxcala (Cobiet) \u2013organismo perteneciente a la Secretar\u00eda de Salud (Sesa)-  cambi\u00f3 de domicilio, por lo que actualmente brinda servicio en privada del bulevar Revoluci\u00f3n, n\u00famero 46, en San Buenaventura Atempan, Tlaxcala.<br \/>\n Jes\u00fas Ortega Rocha, titular de este organismo, explic\u00f3 que  este nuevo domicilio cuenta con el espacio necesario para realizar actividades de asesor\u00eda, capacitaci\u00f3n y difusi\u00f3n en este tema, por lo que exhort\u00f3 a la poblaci\u00f3n interesada a que acuda a sus instalaciones donde recibir\u00e1 estos servicios.<br \/>\n En este sentido, Ortega Rocha detall\u00f3 que la Cobiet se encarga de la promoci\u00f3n y vigilancia de los valores y principios \u00e9ticos en materia de salud y preservaci\u00f3n del medio ambiente.<\/p>\n","protected":false},"author":2,"featured_media":0,"comment_status":"open","ping_status":"open","sticky":false,"template":"","format":"standard","meta":{"footnotes":""},"categories":[4],"tags":[],"class_list":["post-42588","post","type-post","status-publish","format-standard","hentry","category-local"],"_links":{"self":[{"href":"https:\/\/www.contextosdigital.com\/index.php?rest_route=\/wp\/v2\/posts\/42588","targetHints":{"allow":["GET"]}}],"collection":[{"href":"https:\/\/www.contextosdigital.com\/index.php?rest_route=\/wp\/v2\/posts"}],"about":[{"href":"https:\/\/www.contextosdigital.com\/index.php?rest_route=\/wp\/v2\/types\/post"}],"author":[{"embeddable":true,"href":"https:\/\/www.contextosdigital.com\/index.php?rest_route=\/wp\/v2\/users\/2"}],"replies":[{"embeddable":true,"href":"https:\/\/www.contextosdigital.com\/index.php?rest_route=%2Fwp%2Fv2%2Fcomments&post=42588"}],"version-history":[{"count":1,"href":"https:\/\/www.contextosdigital.com\/index.php?rest_route=\/wp\/v2\/posts\/42588\/revisions"}],"predecessor-version":[{"id":42589,"href":"https:\/\/www.contextosdigital.com\/index.php?rest_route=\/wp\/v2\/posts\/42588\/revisions\/42589"}],"wp:attachment":[{"href":"https:\/\/www.contextosdigital.com\/index.php?rest_route=%2Fwp%2Fv2%2Fmedia&parent=42588"}],"wp:term":[{"taxonomy":"category","embeddable":true,"href":"https:\/\/www.contextosdigital.com\/index.php?rest_route=%2Fwp%2Fv2%2Fcategories&post=42588"},{"taxonomy":"post_tag","embeddable":true,"href":"https:\/\/www.contextosdigital.com\/index.php?rest_route=%2Fwp%2Fv2%2Ftags&post=42588"}],"curies":[{"name":"wp","href":"https:\/\/api.w.org\/{rel}","templated":true}]}}