{"id":42585,"date":"2016-03-03T09:49:25","date_gmt":"2016-03-03T14:49:25","guid":{"rendered":"http:\/\/www.contextosdigital.com\/?p=42585"},"modified":"2016-03-03T09:49:25","modified_gmt":"2016-03-03T14:49:25","slug":"rehabilita-vialidad-capitalina-semaforo-en-boulevard-ocotlan-santa-ana","status":"publish","type":"post","link":"https:\/\/www.contextosdigital.com\/?p=42585","title":{"rendered":"Rehabilita Vialidad capitalina sem\u00e1foro en Boulevard Ocotl\u00e1n-Santa Ana"},"content":{"rendered":"<p>La Direcci\u00f3n de Seguridad P\u00fablica, Vialidad y Protecci\u00f3n Civil del municipio de Tlaxcala, rehabilit\u00f3 el sem\u00e1foro de la intersecci\u00f3n Boulevard Ocotl\u00e1n-Santa Ana esquina con la calle Gabino A. Palma, lo que da fluidez al flujo vehicular en una de las principales arterias de Ocotl\u00e1n.<\/p>\n<p>Ra\u00fal Aar\u00f3n Gonz\u00e1lez Galv\u00e1n, jefe de Vialidad municipal, destac\u00f3 que por indicaciones del alcalde Adolfo Escobar Jard\u00ednez; se apresur\u00f3 la reparaci\u00f3n de la infraestructura que da acceso y salida en unidades habitacionales, instituciones educativas y un centro comercial.<\/p>\n<p>Resalt\u00f3, que tras un accidente vial que da\u00f1\u00f3 el sem\u00e1foro, se implement\u00f3 el operativo de rehabilitaci\u00f3n al que se integr\u00f3 personal del \u00e1rea de alumbrado p\u00fablico de la Direcci\u00f3n de Servicios P\u00fablicos Municipales del Ayuntamiento de Tlaxcala.<\/p>\n<p>Gonz\u00e1lez Galv\u00e1n puntualiz\u00f3 que el sem\u00e1foro ya se encuentra en operaci\u00f3n, por lo que hizo un llamado a los conductores para que respeten los se\u00f1alamientos viales, \u201cy eviten ser parte de las estad\u00edsticas de accidentes, que adem\u00e1s de poner en riesgo su integridad f\u00edsica, da\u00f1an el patrimonio y la seguridad de la poblaci\u00f3n en general\u201d.<\/p>\n","protected":false},"excerpt":{"rendered":"<p>La Direcci\u00f3n de Seguridad P\u00fablica, Vialidad y Protecci\u00f3n Civil del municipio de Tlaxcala, rehabilit\u00f3 el sem\u00e1foro de la intersecci\u00f3n Boulevard Ocotl\u00e1n-Santa Ana esquina con la calle Gabino A. Palma, lo que da fluidez al flujo vehicular en una de las principales arterias de Ocotl\u00e1n.<br \/>\n Ra\u00fal Aar\u00f3n Gonz\u00e1lez Galv\u00e1n, jefe de Vialidad municipal, destac\u00f3 que por indicaciones del alcalde Adolfo Escobar Jard\u00ednez; se apresur\u00f3 la reparaci\u00f3n de la infraestructura que da acceso y salida en unidades habitacionales, instituciones educativas y un centro comercial.<\/p>\n","protected":false},"author":2,"featured_media":42586,"comment_status":"open","ping_status":"open","sticky":false,"template":"","format":"standard","meta":{"footnotes":""},"categories":[4],"tags":[],"class_list":["post-42585","post","type-post","status-publish","format-standard","has-post-thumbnail","hentry","category-local"],"_links":{"self":[{"href":"https:\/\/www.contextosdigital.com\/index.php?rest_route=\/wp\/v2\/posts\/42585","targetHints":{"allow":["GET"]}}],"collection":[{"href":"https:\/\/www.contextosdigital.com\/index.php?rest_route=\/wp\/v2\/posts"}],"about":[{"href":"https:\/\/www.contextosdigital.com\/index.php?rest_route=\/wp\/v2\/types\/post"}],"author":[{"embeddable":true,"href":"https:\/\/www.contextosdigital.com\/index.php?rest_route=\/wp\/v2\/users\/2"}],"replies":[{"embeddable":true,"href":"https:\/\/www.contextosdigital.com\/index.php?rest_route=%2Fwp%2Fv2%2Fcomments&post=42585"}],"version-history":[{"count":1,"href":"https:\/\/www.contextosdigital.com\/index.php?rest_route=\/wp\/v2\/posts\/42585\/revisions"}],"predecessor-version":[{"id":42587,"href":"https:\/\/www.contextosdigital.com\/index.php?rest_route=\/wp\/v2\/posts\/42585\/revisions\/42587"}],"wp:featuredmedia":[{"embeddable":true,"href":"https:\/\/www.contextosdigital.com\/index.php?rest_route=\/wp\/v2\/media\/42586"}],"wp:attachment":[{"href":"https:\/\/www.contextosdigital.com\/index.php?rest_route=%2Fwp%2Fv2%2Fmedia&parent=42585"}],"wp:term":[{"taxonomy":"category","embeddable":true,"href":"https:\/\/www.contextosdigital.com\/index.php?rest_route=%2Fwp%2Fv2%2Fcategories&post=42585"},{"taxonomy":"post_tag","embeddable":true,"href":"https:\/\/www.contextosdigital.com\/index.php?rest_route=%2Fwp%2Fv2%2Ftags&post=42585"}],"curies":[{"name":"wp","href":"https:\/\/api.w.org\/{rel}","templated":true}]}}