{"id":42580,"date":"2016-03-03T09:44:31","date_gmt":"2016-03-03T14:44:31","guid":{"rendered":"http:\/\/www.contextosdigital.com\/?p=42580"},"modified":"2016-03-03T09:44:31","modified_gmt":"2016-03-03T14:44:31","slug":"investiga-pgje-intento-de-secuestro-de-madre-e-hijo-en-tepeyanco","status":"publish","type":"post","link":"https:\/\/www.contextosdigital.com\/?p=42580","title":{"rendered":"Investiga PGJE intento de secuestro de madre e hijo en Tepeyanco"},"content":{"rendered":"<p>La Procuradur\u00eda General de Justicia del Estado (PGJE) inici\u00f3 la indagatoria correspondiente, a fin de establecer diferentes l\u00edneas de investigaci\u00f3n que conlleven al esclarecimiento de un intento de secuestro en agravio de una madre e hijo, hechos ocurridos la ma\u00f1ana del 2 de marzo en el municipio de Tepeyanco.<\/p>\n<p>Tal situaci\u00f3n fue denunciada por un menor de 17 a\u00f1os de edad, ante el Agente del Ministerio P\u00fablico adscrito a la dependencia encargada de procurar justicia, quien inici\u00f3 la indagatoria correspondiente por hechos probablemente constitutivos de delito.<\/p>\n<p>Durante su declaraci\u00f3n, el agraviado refiri\u00f3 que la ma\u00f1ana del 2 de marzo, circulaba sobre la calle 5 de Mayo, de la comunidad de Xalcaltzinco, del municipio de Tepeyanco, con destino hacia su escuela abordo de su veh\u00edculo particular y en compa\u00f1\u00eda de su madre.<\/p>\n<p>Posteriormente, agreg\u00f3 que dos camionetas desconocidas le cerraron el paso abruptamente, al tiempo que descendieron de las mismas varios sujetos, quienes trataron de amagarlos y descenderlos de la unidad; sin embargo, los afectados lograron evadir a los agresores, al tiempo que huyeron del lugar.<\/p>\n<p>Asimismo, los probables responsables abandonaron en el lugar de los hechos una camioneta marca Chrysler, tipo Voyager, color azul, la cual fue puesta a disposici\u00f3n del Representante Social para las posteriores investigaciones.<\/p>\n<p>Con la denuncia interpuesta ante el fiscal, los oficiales de la Polic\u00eda de Investigaci\u00f3n comenzaron las pesquisas correspondientes con el prop\u00f3sito de conocer la forma cronol\u00f3gica de los hechos. En tanto, diferentes peritos realizaron un rastreo en la zona y practicaron las diligencias necesarias, a fin de recabar indicios que ayuden a la investigaci\u00f3n.<\/p>\n<p>La Procuradur\u00eda de Tlaxcala ratifica su compromiso de agotar todos los medios legales y de investigaci\u00f3n correspondientes, a fin de esclarecer el il\u00edcito con estricto apego a derecho.<\/p>\n","protected":false},"excerpt":{"rendered":"<p>La Procuradur\u00eda General de Justicia del Estado (PGJE) inici\u00f3 la indagatoria correspondiente, a fin de establecer diferentes l\u00edneas de investigaci\u00f3n que conlleven al esclarecimiento de un intento de secuestro en agravio de una madre e hijo, hechos ocurridos la ma\u00f1ana del 2 de marzo en el municipio de Tepeyanco.<br \/>\nTal situaci\u00f3n fue denunciada por un menor de 17 a\u00f1os de edad, ante el Agente del Ministerio P\u00fablico adscrito a la dependencia encargada de procurar justicia, quien inici\u00f3 la indagatoria correspondiente por hechos probablemente constitutivos de delito.<\/p>\n","protected":false},"author":2,"featured_media":0,"comment_status":"open","ping_status":"open","sticky":false,"template":"","format":"standard","meta":{"footnotes":""},"categories":[4],"tags":[],"class_list":["post-42580","post","type-post","status-publish","format-standard","hentry","category-local"],"_links":{"self":[{"href":"https:\/\/www.contextosdigital.com\/index.php?rest_route=\/wp\/v2\/posts\/42580","targetHints":{"allow":["GET"]}}],"collection":[{"href":"https:\/\/www.contextosdigital.com\/index.php?rest_route=\/wp\/v2\/posts"}],"about":[{"href":"https:\/\/www.contextosdigital.com\/index.php?rest_route=\/wp\/v2\/types\/post"}],"author":[{"embeddable":true,"href":"https:\/\/www.contextosdigital.com\/index.php?rest_route=\/wp\/v2\/users\/2"}],"replies":[{"embeddable":true,"href":"https:\/\/www.contextosdigital.com\/index.php?rest_route=%2Fwp%2Fv2%2Fcomments&post=42580"}],"version-history":[{"count":1,"href":"https:\/\/www.contextosdigital.com\/index.php?rest_route=\/wp\/v2\/posts\/42580\/revisions"}],"predecessor-version":[{"id":42581,"href":"https:\/\/www.contextosdigital.com\/index.php?rest_route=\/wp\/v2\/posts\/42580\/revisions\/42581"}],"wp:attachment":[{"href":"https:\/\/www.contextosdigital.com\/index.php?rest_route=%2Fwp%2Fv2%2Fmedia&parent=42580"}],"wp:term":[{"taxonomy":"category","embeddable":true,"href":"https:\/\/www.contextosdigital.com\/index.php?rest_route=%2Fwp%2Fv2%2Fcategories&post=42580"},{"taxonomy":"post_tag","embeddable":true,"href":"https:\/\/www.contextosdigital.com\/index.php?rest_route=%2Fwp%2Fv2%2Ftags&post=42580"}],"curies":[{"name":"wp","href":"https:\/\/api.w.org\/{rel}","templated":true}]}}