{"id":42576,"date":"2016-03-02T09:38:03","date_gmt":"2016-03-02T14:38:03","guid":{"rendered":"http:\/\/www.contextosdigital.com\/?p=42576"},"modified":"2016-03-02T09:38:03","modified_gmt":"2016-03-02T14:38:03","slug":"tiene-apizaco-un-futuro-prometedor-mgz","status":"publish","type":"post","link":"https:\/\/www.contextosdigital.com\/?p=42576","title":{"rendered":"Tiene Apizaco un futuro prometedor: MGZ"},"content":{"rendered":"<p>Al encabezar este martes los festejos por el 150 aniversario de la fundaci\u00f3n de Apizaco, el Mandatario estatal, Mariano Gonz\u00e1lez Zarur, asever\u00f3 que gracias a la conjunci\u00f3n de esfuerzos entre los distintos \u00f3rdenes de Gobierno y la cooperaci\u00f3n de la propia ciudadan\u00eda, esta ciudad tiene hoy un futuro prometedor.<\/p>\n<p>Asimismo, el Gobernador afirm\u00f3 que en este municipio y en toda la geograf\u00eda tlaxcalteca, el bienestar y desarrollo integral es una realidad visible y palpable, resultado de las obras y acciones ejecutadas durante los \u00faltimos cinco a\u00f1os por su administraci\u00f3n.<\/p>\n<p>\u201cDesde luego felicito a los apizaquenses por este aniversario y por ser un claro ejemplo de perseverancia, trabajo y uni\u00f3n. Me honra, me enorgullece haber nacido en esta tierra, sin duda se vaticina un futuro muy prometedor para este municipio y para toda la entidad\u201d, enfatiz\u00f3 el Mandatario.<\/p>\n<p>En el marco de este aniversario, Apizaco se convirti\u00f3 en la capital del Estado por \u00fanico d\u00eda, de tal forma que los tres Poderes de Gobierno se trasladaron a este municipio, por lo que\u00a0 en el Centro de las Artes\u00a0 tuvo lugar la\u00a0 Sesi\u00f3n Extraordinaria P\u00fablica y Solemne del Congreso del Estado.<\/p>\n<p>Durante este evento, Gonz\u00e1lez Zarur enlist\u00f3 algunas de las principales acciones realizadas por su Gobierno en esta ciudad de origen ferrocarrilero, que se mantiene como uno de los principales polos de actividad econ\u00f3mica para la entidad.<\/p>\n<p>En este sentido, el Mandatario detall\u00f3 que a lo largo de su gesti\u00f3n se invertir\u00e1n 140 millones de pesos para el mejoramiento de la infraestructura tur\u00edstica, a fin de embellecer a este municipio y continuar con el crecimiento sostenido de visitantes.<\/p>\n<p>Asimismo, el Jefe del Ejecutivo cit\u00f3 el repunte en materia industrial y econ\u00f3mica que registra Apizaco en los \u00faltimos a\u00f1os, gracias a la implementaci\u00f3n del Sistema de Apertura R\u00e1pida de Empresas (Sare) con apoyo del Gobierno del Estado, que por ende permiti\u00f3 la creaci\u00f3n de empleos formales.<\/p>\n<p>La infraestructura urbana es otra de las demandas atendidas por la administraci\u00f3n estatal, de tal forma que la Secretar\u00eda de Obras Desarrollo Urbano y Vivienda (Secoduvi) se encarg\u00f3 de los trabajos de rehabilitaci\u00f3n y modernizaci\u00f3n de la calle Francisco I. Madero, 16 de septiembre y Cuauht\u00e9moc, as\u00ed como el bulevar que atraviesa por Atlihuetz\u00eda y que conecta con Amaxac.<\/p>\n<p>\u201cGracias a eso hemos logrado incrementar y mejorar la conectividad y competitividad de la zona centro de la entidad\u201d, apunt\u00f3.<\/p>\n<p>A estas acciones se suma la construcci\u00f3n de Ciudad Judicial y la rehabilitaci\u00f3n de la ex f\u00e1brica de\u00a0 Hilados y Tejidos de San Luis Apizaquito, que hoy alberga al Centro de las Artes, obras de gran envergadura que abonar\u00e1n al desarrollo no solo del municipio, si no del todo el Estado.<\/p>\n<p>\u201cDurante estos cinco a\u00f1os hemos emprendido proyectos, programas y acciones para generar un desarrollo equilibrado, no s\u00f3lo en Apizaco, sino en todos los municipios de la entidad. Aprovecho la oportunidad para agradecer al Poder Judicial y al Poder Legislativo por todo el apoyo y la colaboraci\u00f3n que me han prestado como Ejecutivo del Estado, gracias a este trabajo coordinado entre los poderes y niveles de Gobierno es que Tlaxcala est\u00e1 viviendo una nueva realidad\u201d, sostuvo el Mandatario.<\/p>\n<p>En su mensaje, el alcalde de Apizaco, Jorge Luis V\u00e1zquez Rodr\u00edguez, record\u00f3 que esta ciudad se fund\u00f3 en 1866 por un campamento de ferrocarrileros, y que\u00a0 al paso de los a\u00f1os se consolid\u00f3 como una ciudad de gran auge industrial y comercial, cuna de hombres y mujeres ilustres.<\/p>\n<p>Asimismo, agradeci\u00f3 el respaldo irrestricto del Gobernador, quien a trav\u00e9s de su administraci\u00f3n ejecut\u00f3 importantes obras de embellecimiento y fortalecimiento de los servicios b\u00e1sicos en este municipio.<\/p>\n<p>\u201cDebo hacer un reconocimiento especial a un gran apizaquense que hoy, con su alta investidura como gobernante, ha sabido detectar la necesidad de su gente y encausar sus esfuerzos en un bien com\u00fan. Mi reconocimiento al se\u00f1or Gobernador, Mariano Gonz\u00e1lez Zarur, por todas esas acciones que han embellecido y dignificado nuestra ciudad y han beneficiado a los apizaquenses\u201d, sostuvo el presidente municipal.<\/p>\n<p>Por su parte, la Presidente del Tribunal Superior de Justicia del Estado (Tsje), Elsa Cordero Mart\u00ednez, resalt\u00f3 la preponderancia de Apizaco en materia judicial, pues ser\u00e1 en este municipio donde \u2013gracias a la gesti\u00f3n del Gobernador- inicie funciones Ciudad Judicial, espacio que albergar\u00e1 en un solo lugar distintos servicios en esta materia, tanto de car\u00e1cter estatal como federal.<\/p>\n<p>En su intervenci\u00f3n, la Presidente de la Mesa Directiva del Congreso del Estado, Juana Cruz Bustos, enfatiz\u00f3 que el poder Legislativo se sum\u00f3 a los festejos por el 150 aniversario de la fundaci\u00f3n de Apizaco, a trav\u00e9s del decreto que designa a este municipio como sede del Estado por un d\u00eda.<\/p>\n<p>Al t\u00e9rmino de esta Sesi\u00f3n Extraordinaria P\u00fablica y Solemne del Congreso del Estado el Gobernador, en cumplimiento al decreto que design\u00f3 a este municipio como la capital de los Poderes, brind\u00f3 audiencias privadas a los ciudadanos apizaquenses Arturo Gonz\u00e1lez Moreno, Jos\u00e9 Mariano P\u00e9rez Barrasa y Aristeo Ram\u00edrez S\u00e1nchez, quienes solicitaron apoyos en materia de infraestructura, peticiones que fueron escuchadas por el Mandatario, quien a su vez las canaliz\u00f3 a las dependencias correspondientes para su respectivo an\u00e1lisis.<\/p>\n<p>&nbsp;<\/p>\n<p>Presencia Gobernador desfile conmemorativo<\/p>\n<p>El Gobernador Mariano Gonz\u00e1lez Zarur -acompa\u00f1ado de la Presidente Honor\u00edfica del Sistema Estatal para el Desarrollo Integral de la Familia (DIF), Mariana Gonz\u00e1lez Foullon, as\u00ed como por el alcalde de Apizaco, entre otros funcionarios estatales y municipales-\u00a0 presenci\u00f3 el desfile c\u00edvico-militar que por primera ocasi\u00f3n se celebr\u00f3 en esta ciudad en el marco de los festejos por el 150 aniversario.<\/p>\n<p>El evento tuvo lugar la ma\u00f1ana de este martes por las principales calles y participaron contingentes de la 23 Zona Militar, de la Polic\u00eda Estatal, Federal y municipal, al igual que instituciones educativas y asociaciones civiles, el cual fue presenciado por la ciudadan\u00eda apizaquense.<\/p>\n","protected":false},"excerpt":{"rendered":"<p>Al encabezar este martes los festejos por el 150 aniversario de la fundaci\u00f3n de Apizaco, el Mandatario estatal, Mariano Gonz\u00e1lez Zarur, asever\u00f3 que gracias a la conjunci\u00f3n de esfuerzos entre los distintos \u00f3rdenes de Gobierno y la cooperaci\u00f3n de la propia ciudadan\u00eda, esta ciudad tiene hoy un futuro prometedor.<br \/>\nAsimismo, el Gobernador afirm\u00f3 que en este municipio y en toda la geograf\u00eda tlaxcalteca, el bienestar y desarrollo integral es una realidad visible y palpable, resultado de las obras y acciones ejecutadas durante los \u00faltimos cinco a\u00f1os por su administraci\u00f3n.<br \/>\n\u201cDesde luego felicito a los apizaquenses por este aniversario y por ser un claro ejemplo de perseverancia, trabajo y uni\u00f3n. Me honra, me enorgullece haber nacido en esta tierra, sin duda se vaticina un futuro muy prometedor para este municipio y para toda la entidad\u201d, enfatiz\u00f3 el Mandatario.<\/p>\n","protected":false},"author":2,"featured_media":42577,"comment_status":"open","ping_status":"open","sticky":false,"template":"","format":"standard","meta":{"footnotes":""},"categories":[4],"tags":[],"class_list":["post-42576","post","type-post","status-publish","format-standard","has-post-thumbnail","hentry","category-local"],"_links":{"self":[{"href":"https:\/\/www.contextosdigital.com\/index.php?rest_route=\/wp\/v2\/posts\/42576","targetHints":{"allow":["GET"]}}],"collection":[{"href":"https:\/\/www.contextosdigital.com\/index.php?rest_route=\/wp\/v2\/posts"}],"about":[{"href":"https:\/\/www.contextosdigital.com\/index.php?rest_route=\/wp\/v2\/types\/post"}],"author":[{"embeddable":true,"href":"https:\/\/www.contextosdigital.com\/index.php?rest_route=\/wp\/v2\/users\/2"}],"replies":[{"embeddable":true,"href":"https:\/\/www.contextosdigital.com\/index.php?rest_route=%2Fwp%2Fv2%2Fcomments&post=42576"}],"version-history":[{"count":1,"href":"https:\/\/www.contextosdigital.com\/index.php?rest_route=\/wp\/v2\/posts\/42576\/revisions"}],"predecessor-version":[{"id":42578,"href":"https:\/\/www.contextosdigital.com\/index.php?rest_route=\/wp\/v2\/posts\/42576\/revisions\/42578"}],"wp:featuredmedia":[{"embeddable":true,"href":"https:\/\/www.contextosdigital.com\/index.php?rest_route=\/wp\/v2\/media\/42577"}],"wp:attachment":[{"href":"https:\/\/www.contextosdigital.com\/index.php?rest_route=%2Fwp%2Fv2%2Fmedia&parent=42576"}],"wp:term":[{"taxonomy":"category","embeddable":true,"href":"https:\/\/www.contextosdigital.com\/index.php?rest_route=%2Fwp%2Fv2%2Fcategories&post=42576"},{"taxonomy":"post_tag","embeddable":true,"href":"https:\/\/www.contextosdigital.com\/index.php?rest_route=%2Fwp%2Fv2%2Ftags&post=42576"}],"curies":[{"name":"wp","href":"https:\/\/api.w.org\/{rel}","templated":true}]}}