{"id":42559,"date":"2016-03-02T09:26:04","date_gmt":"2016-03-02T14:26:04","guid":{"rendered":"http:\/\/www.contextosdigital.com\/?p=42559"},"modified":"2016-03-02T09:26:04","modified_gmt":"2016-03-02T14:26:04","slug":"casos-de-influenza-en-tlaxcala-dentro-de-parametro-esperado-sesa","status":"publish","type":"post","link":"https:\/\/www.contextosdigital.com\/?p=42559","title":{"rendered":"Casos de influenza en Tlaxcala, dentro de par\u00e1metro esperado: SESA"},"content":{"rendered":"<p>El incremento de infecciones por influenza, incluida la de tipo AH1N1, en Tlaxcala\u00a0 se encuentra dentro del par\u00e1metro esperado en esta temporada invernal 2015-2016, inform\u00f3 la jefa del Departamento de Epidemiolog\u00eda de la Secretar\u00eda de Salud (Sesa), Ver\u00f3nica Ortega Guti\u00e9rrez.<\/p>\n<p>La funcionaria refiri\u00f3 que al corte con fecha 29 de febrero, se hab\u00edan diagnosticado 200 casos de influenza en todos sus tipos y ocho defunciones. De esta cantidad, el 43 por ciento corresponde a influenza AH1N1 (86 casos).<\/p>\n<p>Sobre los decesos, es de mencionarse que dos de los casos fueron de personas\u00a0 originarias y residentes de Hidalgo y Puebla, respectivamente. El resto, corresponde individuos no vacunados con antecedente de diabetes mellitus, obesidad e insuficiencia renal cr\u00f3nica.<\/p>\n<p>En respuesta a una tendencia nacional, del 01 al 12 de marzo se estima un incremento en los casos de influenza en el estado, tal como lo establece el an\u00e1lisis epidemiol\u00f3gico hist\u00f3rico.<\/p>\n<p>Ante esta situaci\u00f3n, la Sesa implement\u00f3 medidas para el control de la enfermedad, como reforzar la aplicaci\u00f3n del biol\u00f3gico de la influenza en la Primera Semana Nacional de Vacunaci\u00f3n en grupos de riesgo sin inmunizar.<\/p>\n<p>Adem\u00e1s, con el apoyo de la Secretar\u00eda de Educaci\u00f3n P\u00fablica (SEP), se implementaron filtros escolares para identificar oportunamente s\u00edntomas por infecciones respiratorias agudas y evitar as\u00ed su propagaci\u00f3n.<\/p>\n<p>Se garantiz\u00f3 en todas las unidades monitoras de influenza y jurisdicciones sanitarias el antiviral Oseltamivir, a efecto de brindar tratamiento oportuno a las personas que as\u00ed lo requieran.<\/p>\n<p>Se colocaron carteles informativos en la entrada a escuelas, salas de espera de centros de salud y hospitales.<\/p>\n<p>Adem\u00e1s, se difunden medidas de prevenci\u00f3n para evitar contagios y se detalla el cuadro cl\u00ednico, a efecto de que la poblaci\u00f3n identifique los s\u00edntomas y acuda a la unidad m\u00e9dica m\u00e1s cercana.<\/p>\n<p>Asimismo, se lleva a cabo la b\u00fasqueda de contactos de personas con el diagn\u00f3stico de influenza para limitar la cadena de transmisi\u00f3n.<\/p>\n","protected":false},"excerpt":{"rendered":"<p>El incremento de infecciones por influenza, incluida la de tipo AH1N1, en Tlaxcala  se encuentra dentro del par\u00e1metro esperado en esta temporada invernal 2015-2016, inform\u00f3 la jefa del Departamento de Epidemiolog\u00eda de la Secretar\u00eda de Salud (Sesa), Ver\u00f3nica Ortega Guti\u00e9rrez.<br \/>\nLa funcionaria refiri\u00f3 que al corte con fecha 29 de febrero, se hab\u00edan diagnosticado 200 casos de influenza en todos sus tipos y ocho defunciones. De esta cantidad, el 43 por ciento corresponde a influenza AH1N1 (86 casos).<br \/>\nSobre los decesos, es de mencionarse que dos de los casos fueron de personas  originarias y residentes de Hidalgo y Puebla, respectivamente. El resto, corresponde individuos no vacunados con antecedente de diabetes mellitus, obesidad e insuficiencia renal cr\u00f3nica.<\/p>\n","protected":false},"author":2,"featured_media":0,"comment_status":"open","ping_status":"open","sticky":false,"template":"","format":"standard","meta":{"footnotes":""},"categories":[4],"tags":[],"class_list":["post-42559","post","type-post","status-publish","format-standard","hentry","category-local"],"_links":{"self":[{"href":"https:\/\/www.contextosdigital.com\/index.php?rest_route=\/wp\/v2\/posts\/42559","targetHints":{"allow":["GET"]}}],"collection":[{"href":"https:\/\/www.contextosdigital.com\/index.php?rest_route=\/wp\/v2\/posts"}],"about":[{"href":"https:\/\/www.contextosdigital.com\/index.php?rest_route=\/wp\/v2\/types\/post"}],"author":[{"embeddable":true,"href":"https:\/\/www.contextosdigital.com\/index.php?rest_route=\/wp\/v2\/users\/2"}],"replies":[{"embeddable":true,"href":"https:\/\/www.contextosdigital.com\/index.php?rest_route=%2Fwp%2Fv2%2Fcomments&post=42559"}],"version-history":[{"count":1,"href":"https:\/\/www.contextosdigital.com\/index.php?rest_route=\/wp\/v2\/posts\/42559\/revisions"}],"predecessor-version":[{"id":42560,"href":"https:\/\/www.contextosdigital.com\/index.php?rest_route=\/wp\/v2\/posts\/42559\/revisions\/42560"}],"wp:attachment":[{"href":"https:\/\/www.contextosdigital.com\/index.php?rest_route=%2Fwp%2Fv2%2Fmedia&parent=42559"}],"wp:term":[{"taxonomy":"category","embeddable":true,"href":"https:\/\/www.contextosdigital.com\/index.php?rest_route=%2Fwp%2Fv2%2Fcategories&post=42559"},{"taxonomy":"post_tag","embeddable":true,"href":"https:\/\/www.contextosdigital.com\/index.php?rest_route=%2Fwp%2Fv2%2Ftags&post=42559"}],"curies":[{"name":"wp","href":"https:\/\/api.w.org\/{rel}","templated":true}]}}