{"id":42556,"date":"2016-03-02T09:24:51","date_gmt":"2016-03-02T14:24:51","guid":{"rendered":"http:\/\/www.contextosdigital.com\/?p=42556"},"modified":"2016-03-02T09:24:51","modified_gmt":"2016-03-02T14:24:51","slug":"brinda-apoyo-de-primeros-auxilios-seguridad-publica-de-chiautempan","status":"publish","type":"post","link":"https:\/\/www.contextosdigital.com\/?p=42556","title":{"rendered":"Brinda apoyo de primeros auxilios Seguridad p\u00fablica de Chiautempan."},"content":{"rendered":"<p>Como parte de las actividades en las que se involucra de manera diaria la direcci\u00f3n de Seguridad p\u00fablica del municipio de Chiautempan, de la actual administraci\u00f3n que encabeza el alcalde Antonio Mendoza Romero, elementos adscritos a dicha \u00e1rea, acudieron al Barrio de Texcacoac para atender un llamado de auxilio.<\/p>\n<p>As\u00ed lo mencion\u00f3 el director y comandante de la polic\u00eda municipal, Gonzalo Mart\u00ednez Caricio, quien abund\u00f3 que en dicho auxilio se pidi\u00f3 el apoyo para atender a dos personas de sexo femenino que resultaron heridas tras suscitarse un \u201cflamazo\u201d debido a una falla en la manguera de gas en una tortiller\u00eda ubicada en la calle progreso de la comunidad de Texcacoac.<\/p>\n<p>Por lo que se procedi\u00f3 a brindar los primeros auxilios mientras se solicitaba el apoyo de la Cruz Roja y bomberos, al llegar estos \u00faltimos, dictaminaron que la falla se debi\u00f3 a la falta de un regulador de gas, por lo que se hicieron las recomendaciones pertinentes; por otro lado, a las dos personas lesionadas se les traslad\u00f3 al Hospital General de Tlaxcala para su atenci\u00f3n m\u00e9dica, aun cuando no se reportaron heridas de gravedad.<\/p>\n","protected":false},"excerpt":{"rendered":"<p>Como parte de las actividades en las que se involucra de manera diaria la direcci\u00f3n de Seguridad p\u00fablica del municipio de Chiautempan, de la actual administraci\u00f3n que encabeza el alcalde Antonio Mendoza Romero, elementos adscritos a dicha \u00e1rea, acudieron al Barrio de Texcacoac para atender un llamado de auxilio.<br \/>\nAs\u00ed lo mencion\u00f3 el director y comandante de la polic\u00eda municipal, Gonzalo Mart\u00ednez Caricio, quien abund\u00f3 que en dicho auxilio se pidi\u00f3 el apoyo para atender a dos personas de sexo femenino que resultaron heridas tras suscitarse un \u201cflamazo\u201d debido a una falla en la manguera de gas en una tortiller\u00eda ubicada en la calle progreso de la comunidad de Texcacoac.<\/p>\n","protected":false},"author":2,"featured_media":42557,"comment_status":"open","ping_status":"open","sticky":false,"template":"","format":"standard","meta":{"footnotes":""},"categories":[4],"tags":[],"class_list":["post-42556","post","type-post","status-publish","format-standard","has-post-thumbnail","hentry","category-local"],"_links":{"self":[{"href":"https:\/\/www.contextosdigital.com\/index.php?rest_route=\/wp\/v2\/posts\/42556","targetHints":{"allow":["GET"]}}],"collection":[{"href":"https:\/\/www.contextosdigital.com\/index.php?rest_route=\/wp\/v2\/posts"}],"about":[{"href":"https:\/\/www.contextosdigital.com\/index.php?rest_route=\/wp\/v2\/types\/post"}],"author":[{"embeddable":true,"href":"https:\/\/www.contextosdigital.com\/index.php?rest_route=\/wp\/v2\/users\/2"}],"replies":[{"embeddable":true,"href":"https:\/\/www.contextosdigital.com\/index.php?rest_route=%2Fwp%2Fv2%2Fcomments&post=42556"}],"version-history":[{"count":1,"href":"https:\/\/www.contextosdigital.com\/index.php?rest_route=\/wp\/v2\/posts\/42556\/revisions"}],"predecessor-version":[{"id":42558,"href":"https:\/\/www.contextosdigital.com\/index.php?rest_route=\/wp\/v2\/posts\/42556\/revisions\/42558"}],"wp:featuredmedia":[{"embeddable":true,"href":"https:\/\/www.contextosdigital.com\/index.php?rest_route=\/wp\/v2\/media\/42557"}],"wp:attachment":[{"href":"https:\/\/www.contextosdigital.com\/index.php?rest_route=%2Fwp%2Fv2%2Fmedia&parent=42556"}],"wp:term":[{"taxonomy":"category","embeddable":true,"href":"https:\/\/www.contextosdigital.com\/index.php?rest_route=%2Fwp%2Fv2%2Fcategories&post=42556"},{"taxonomy":"post_tag","embeddable":true,"href":"https:\/\/www.contextosdigital.com\/index.php?rest_route=%2Fwp%2Fv2%2Ftags&post=42556"}],"curies":[{"name":"wp","href":"https:\/\/api.w.org\/{rel}","templated":true}]}}