{"id":42553,"date":"2016-03-02T09:23:17","date_gmt":"2016-03-02T14:23:17","guid":{"rendered":"http:\/\/www.contextosdigital.com\/?p=42553"},"modified":"2016-03-02T09:23:17","modified_gmt":"2016-03-02T14:23:17","slug":"atienden-solicitud-de-auxilio-ante-incendio","status":"publish","type":"post","link":"https:\/\/www.contextosdigital.com\/?p=42553","title":{"rendered":"Atienden solicitud de auxilio ante incendio"},"content":{"rendered":"<p>Ante un llamado de auxilio reportado mediante el sistema de emergencia 066, en el que se inform\u00f3 de un incendio en una casa de la calle Hidalgo de la comunidad de Guadalupe Ixcotla, personal de seguridad p\u00fablica, protecci\u00f3n civil y servicios m\u00e9dicos, se traslad\u00f3 de manera inmediata a la ubicaci\u00f3n indicada para brindar los servicios necesarios.<\/p>\n<p>As\u00ed lo coment\u00f3 Gonzalo Mart\u00ednez Caricio, director de la polic\u00eda municipal, quien abund\u00f3 que tambi\u00e9n se solicit\u00f3 el apoyo del cuerpo de bomberos estatal, quienes arribaron minutos despu\u00e9s para sofocar por completo el fuego que fue ocasionado por una veladora en el interior del domicilio.<\/p>\n<p>As\u00ed mismo Rub\u00e9n del Razo Flores, director de servicios m\u00e9dicos inform\u00f3 que ante tal contingencia, solo se registr\u00f3 un lesionado al presentar una herida leve en la mano derecha, a quien se le brind\u00f3 la atenci\u00f3n m\u00e9dica en ese momento.<\/p>\n<p>Por su parte Efra\u00edn T\u00f3nix Galicia, responsable de Protecci\u00f3n civil en el municipio, abund\u00f3 que solo se presentaron p\u00e9rdidas de objetos f\u00edsicos que fueron consumidos al paso del fuego, por lo que el d\u00eda de hoy le fueron entregadas por parte de protecci\u00f3n civil del estado y municipio, colchonetas, cobijas y despensas a la persona que se vio afectada.<\/p>\n","protected":false},"excerpt":{"rendered":"<p>Ante un llamado de auxilio reportado mediante el sistema de emergencia 066, en el que se inform\u00f3 de un incendio en una casa de la calle Hidalgo de la comunidad de Guadalupe Ixcotla, personal de seguridad p\u00fablica, protecci\u00f3n civil y servicios m\u00e9dicos, se traslad\u00f3 de manera inmediata a la ubicaci\u00f3n indicada para brindar los servicios necesarios.<br \/>\nAs\u00ed lo coment\u00f3 Gonzalo Mart\u00ednez Caricio, director de la polic\u00eda municipal, quien abund\u00f3 que tambi\u00e9n se solicit\u00f3 el apoyo del cuerpo de bomberos estatal, quienes arribaron minutos despu\u00e9s para sofocar por completo el fuego que fue ocasionado por una veladora en el interior del domicilio.<\/p>\n","protected":false},"author":2,"featured_media":42554,"comment_status":"open","ping_status":"open","sticky":false,"template":"","format":"standard","meta":{"footnotes":""},"categories":[4],"tags":[],"class_list":["post-42553","post","type-post","status-publish","format-standard","has-post-thumbnail","hentry","category-local"],"_links":{"self":[{"href":"https:\/\/www.contextosdigital.com\/index.php?rest_route=\/wp\/v2\/posts\/42553","targetHints":{"allow":["GET"]}}],"collection":[{"href":"https:\/\/www.contextosdigital.com\/index.php?rest_route=\/wp\/v2\/posts"}],"about":[{"href":"https:\/\/www.contextosdigital.com\/index.php?rest_route=\/wp\/v2\/types\/post"}],"author":[{"embeddable":true,"href":"https:\/\/www.contextosdigital.com\/index.php?rest_route=\/wp\/v2\/users\/2"}],"replies":[{"embeddable":true,"href":"https:\/\/www.contextosdigital.com\/index.php?rest_route=%2Fwp%2Fv2%2Fcomments&post=42553"}],"version-history":[{"count":1,"href":"https:\/\/www.contextosdigital.com\/index.php?rest_route=\/wp\/v2\/posts\/42553\/revisions"}],"predecessor-version":[{"id":42555,"href":"https:\/\/www.contextosdigital.com\/index.php?rest_route=\/wp\/v2\/posts\/42553\/revisions\/42555"}],"wp:featuredmedia":[{"embeddable":true,"href":"https:\/\/www.contextosdigital.com\/index.php?rest_route=\/wp\/v2\/media\/42554"}],"wp:attachment":[{"href":"https:\/\/www.contextosdigital.com\/index.php?rest_route=%2Fwp%2Fv2%2Fmedia&parent=42553"}],"wp:term":[{"taxonomy":"category","embeddable":true,"href":"https:\/\/www.contextosdigital.com\/index.php?rest_route=%2Fwp%2Fv2%2Fcategories&post=42553"},{"taxonomy":"post_tag","embeddable":true,"href":"https:\/\/www.contextosdigital.com\/index.php?rest_route=%2Fwp%2Fv2%2Ftags&post=42553"}],"curies":[{"name":"wp","href":"https:\/\/api.w.org\/{rel}","templated":true}]}}