{"id":42548,"date":"2016-03-01T09:52:03","date_gmt":"2016-03-01T14:52:03","guid":{"rendered":"http:\/\/www.contextosdigital.com\/?p=42548"},"modified":"2016-03-02T09:39:42","modified_gmt":"2016-03-02T14:39:42","slug":"la-suma-de-esfuerzos-consolida-el-bienestar-integral-coincide-mgz-con-el-presidente-pena","status":"publish","type":"post","link":"https:\/\/www.contextosdigital.com\/?p=42548","title":{"rendered":"La suma de esfuerzos consolida el bienestar integral, coincide MGZ con el Presidente Pe\u00f1a"},"content":{"rendered":"<p>El Jefe del Ejecutivo estatal, Mariano Gonz\u00e1lez Zarur, estuvo presente este lunes en la Reuni\u00f3n Ordinaria de la Conferencia Nacional de Gobernadores (Conago), celebrada en el Estado de M\u00e9xico, donde coincidi\u00f3 plenamente con\u00a0 el Presidente de la Rep\u00fablica, Enrique Pe\u00f1a Nieto, quien en su intervenci\u00f3n puntualiz\u00f3 la importancia del trabajo com\u00fan entre los diferentes niveles de Gobierno, a fin de atender con mayor eficacia las necesidades de la poblaci\u00f3n.<\/p>\n<p>En este sentido, Gonz\u00e1lez Zarur se sum\u00f3 al exhorto del Mandatario federal, quien consider\u00f3 que las acciones gubernamentales deben ejecutarse sin distingos de partidos o ideolog\u00edas, pues el fin \u00faltimo es consolidar el bienestar integral de los mexicanos, a trav\u00e9s de la suma de esfuerzos.<\/p>\n<p>Luego, el Gobernador tlaxcalteca reconoci\u00f3 la disposici\u00f3n del Presidente de la Rep\u00fablica por sumarse a los esfuerzos de la Conago, y con ello continuar con el trabajo en comunicaci\u00f3n y solidaridad.<\/p>\n<p>Cabe se\u00f1alar que en esta reuni\u00f3n, Gonz\u00e1lez Zarur tambi\u00e9n atestigu\u00f3 el cambio de estafeta de este organismo que estuvo presidido durante los \u00faltimos siete meses por el Jefe del Ejecutivo del Estado de M\u00e9xico, Eruviel \u00c1vila Villegas, quien entreg\u00f3 el cargo a su hom\u00f3logo de Oaxaca, Gabino Cu\u00e9 Monteagudo.<\/p>\n<p>En su oportunidad, el nuevo presidente de la Conago enfatiz\u00f3 su compromiso de continuar con el trabajo consensuado entre las entidades federativas y el Gobierno de la Rep\u00fablica, a favor del desarrollo y bienestar de todos los mexicanos.<\/p>\n<p>Por su parte, \u00c1vila Villegas agradeci\u00f3 la oportunidad de estar al frente de este organismo y present\u00f3 un informe sobre las acciones y logros obtenidos durante su gesti\u00f3n.<\/p>\n<p>En esta reuni\u00f3n ordinaria de la Conago tambi\u00e9n se abordaron temas prioritarios en la agenda nacional como la conformaci\u00f3n de un mando policial estatal \u00fanico en cada Estado y el avance en la implementaci\u00f3n del Nuevo Sistema de Justicia Penal (Nsjp).<\/p>\n<p>Estuvieron presentes los secretarios de Gobernaci\u00f3n, Miguel \u00c1ngel Osorio Chong; de Desarrollo Social, Jos\u00e9 Antonio Meade Kuribre\u00f1a, al igual que Gobernadores de otras entidades federativas.<\/p>\n","protected":false},"excerpt":{"rendered":"<p>El Jefe del Ejecutivo estatal, Mariano Gonz\u00e1lez Zarur, estuvo presente este lunes en la Reuni\u00f3n Ordinaria de la Conferencia Nacional de Gobernadores (Conago), celebrada en el Estado de M\u00e9xico, donde coincidi\u00f3 plenamente con  el Presidente de la Rep\u00fablica, Enrique Pe\u00f1a Nieto, quien en su intervenci\u00f3n puntualiz\u00f3 la importancia del trabajo com\u00fan entre los diferentes niveles de Gobierno, a fin de atender con mayor eficacia las necesidades de la poblaci\u00f3n.<\/p>\n","protected":false},"author":2,"featured_media":42549,"comment_status":"open","ping_status":"open","sticky":false,"template":"","format":"standard","meta":{"footnotes":""},"categories":[4],"tags":[],"class_list":["post-42548","post","type-post","status-publish","format-standard","has-post-thumbnail","hentry","category-local"],"_links":{"self":[{"href":"https:\/\/www.contextosdigital.com\/index.php?rest_route=\/wp\/v2\/posts\/42548","targetHints":{"allow":["GET"]}}],"collection":[{"href":"https:\/\/www.contextosdigital.com\/index.php?rest_route=\/wp\/v2\/posts"}],"about":[{"href":"https:\/\/www.contextosdigital.com\/index.php?rest_route=\/wp\/v2\/types\/post"}],"author":[{"embeddable":true,"href":"https:\/\/www.contextosdigital.com\/index.php?rest_route=\/wp\/v2\/users\/2"}],"replies":[{"embeddable":true,"href":"https:\/\/www.contextosdigital.com\/index.php?rest_route=%2Fwp%2Fv2%2Fcomments&post=42548"}],"version-history":[{"count":2,"href":"https:\/\/www.contextosdigital.com\/index.php?rest_route=\/wp\/v2\/posts\/42548\/revisions"}],"predecessor-version":[{"id":42579,"href":"https:\/\/www.contextosdigital.com\/index.php?rest_route=\/wp\/v2\/posts\/42548\/revisions\/42579"}],"wp:featuredmedia":[{"embeddable":true,"href":"https:\/\/www.contextosdigital.com\/index.php?rest_route=\/wp\/v2\/media\/42549"}],"wp:attachment":[{"href":"https:\/\/www.contextosdigital.com\/index.php?rest_route=%2Fwp%2Fv2%2Fmedia&parent=42548"}],"wp:term":[{"taxonomy":"category","embeddable":true,"href":"https:\/\/www.contextosdigital.com\/index.php?rest_route=%2Fwp%2Fv2%2Fcategories&post=42548"},{"taxonomy":"post_tag","embeddable":true,"href":"https:\/\/www.contextosdigital.com\/index.php?rest_route=%2Fwp%2Fv2%2Ftags&post=42548"}],"curies":[{"name":"wp","href":"https:\/\/api.w.org\/{rel}","templated":true}]}}