{"id":42545,"date":"2016-03-01T09:50:50","date_gmt":"2016-03-01T14:50:50","guid":{"rendered":"http:\/\/www.contextosdigital.com\/?p=42545"},"modified":"2016-03-01T09:50:50","modified_gmt":"2016-03-01T14:50:50","slug":"rinde-rector-de-la-uat-segundo-informe-de-actividades","status":"publish","type":"post","link":"https:\/\/www.contextosdigital.com\/?p=42545","title":{"rendered":"Rinde Rector de la UAT Segundo Informe de Actividades"},"content":{"rendered":"<p>\u201cLa m\u00e1xima Casa de Estudios en la entidad ha cumplido cabalmente con su tarea, se ha constituido como el escenario id\u00f3neo donde convergen las diferentes corrientes de pensamiento; es creadora de pol\u00edticas p\u00fablicas y el punto de encuentro natural para la discusi\u00f3n y el an\u00e1lisis de diversas tem\u00e1ticas, asegur\u00f3 el Mtro. Rub\u00e9n Reyes C\u00f3rdoba, Rector de la Universidad Aut\u00f3noma de Tlaxcala (UAT), ante el pleno del Honorable Consejo Universitario, la comunidad estudiantil e invitados especiales al rendir su Segundo Informe de Actividades, correspondiente al periodo 2015\u20132016, en las instalaciones del Centro Cultural Universitario.<\/p>\n<p>Durante sesi\u00f3n p\u00fablica y solemne del m\u00e1ximo \u00f3rgano de gobierno de la Instituci\u00f3n, en el que el Mtro. Reyes C\u00f3rdoba present\u00f3 el estado que guarda la instituci\u00f3n, as\u00ed como los compromisos y retos que se tendr\u00e1n en el 2016, sostuvo que la Aut\u00f3noma de Tlaxcala es un organismo s\u00f3lido, que ha ejercido su autonom\u00eda con responsabilidad, preservando los valores universitarios que le dieron origen y la fundamentan.<\/p>\n<p>Ante la presencia de los ex rectores: Dr. H\u00e9ctor I. Ortiz Ortiz, C.P. H\u00e9ctor V\u00e1zquez Galicia,\u00a0 Lic. Juan M\u00e9ndez V\u00e1zquez, Ing. Alfredo V\u00e1zquez Galicia, Qu\u00edm. Ren\u00e9 Grada Yauhtentzi, Lic. Sandino Leonel Lelis S\u00e1nchez, Dr. Seraf\u00edn Ortiz Ortiz, y Dr. V\u00edctor Job Paredes Cuahquentzi, afirm\u00f3 que en la UAT la responsabilidad primera es la transformaci\u00f3n social, ya que esto impacta directamente en su progreso.<\/p>\n<p>El Mtro. Rub\u00e9n Reyes expuso que la m\u00e1xima Casa de Estudios obtuvo logros que se reflejan en el fortalecimiento de sus cuatro funciones sustantivas, muestra de ello es su oferta acad\u00e9mica, la cual se integra por 41 programas de licenciatura, 2 de especialidad, 27 de maestr\u00eda y 7 de doctorado, as\u00ed como el incremento de 45 a 54 Cuerpos Acad\u00e9micos (CA), y la cobertura del 27.29% de la matr\u00edcula con alg\u00fan tipo de beca.<\/p>\n<p>M\u00e1s adelante, inform\u00f3 que se obtuvo el reconocimiento como programas consolidados del Doctorado en Educaci\u00f3n y de la Maestr\u00eda en Ciencias Biol\u00f3gicas. De igual forma, fueron ubicados como programas en desarrollo el Doctorado en Ciencias Biol\u00f3gicas y la Maestr\u00eda en Ingenier\u00eda Qu\u00edmica, con ello, la Universidad Aut\u00f3noma de Tlaxcala cuenta con 7 programas reconocidos en el Padr\u00f3n Nacional de Posgrados de Calidad (PNPC), del Consejo Nacional de Ciencia y Tecnolog\u00eda (CONACYT).<\/p>\n<p>El Rector de la UAT detall\u00f3 que la Instituci\u00f3n cuenta con 100 miembros del Sistema Nacional de Investigadores (SNI), de los cuales 91 est\u00e1n incorporados a la Casa de Estudios y 9 son visitantes.<\/p>\n<p>En el apartado de Extensi\u00f3n Universitaria y Difusi\u00f3n Cultural, resalta la inauguraci\u00f3n y equipamiento del Complejo Deportivo Universitario, que consta de alberca ol\u00edmpica, \u00e1reas de gimnasio, enfermer\u00eda, gradas, lobby, vestidores, sanitarios y regaderas, as\u00ed como una cancha de futbol, todo ello representa una inversi\u00f3n aproximada de 31 millones de pesos.<\/p>\n<p>En este mismo rubro, se entregaron las instalaciones para la Orquesta y Coro universitarios, as\u00ed como las del Taller-Escuela de Artes Visuales.<\/p>\n<p>Precis\u00f3 que en materia de Autorrealizaci\u00f3n, se capacit\u00f3 a 47 docentes integrantes de su Academia; se llev\u00f3 a cabo la Octava Jornada de Autorrealizaci\u00f3n; y en septiembre, la Aut\u00f3noma de Tlaxcala se integr\u00f3 a la Red de Universidades Promotoras de la Salud, la cual es conformada por 40 instituciones, presidida por la Universidad Aut\u00f3noma del Estado de Hidalgo (UAEH).<\/p>\n<p>Como parte importante de esta funci\u00f3n sustantiva que busca el beneficio a los estudiantes, enfatiz\u00f3 que el Comedor Universitario ha ofrecido 116 mil 481 servicios alimenticios, tanto a la comunidad de la Instituci\u00f3n como al p\u00fablico en general.<\/p>\n<p>M\u00e1s adelante coment\u00f3 que la UAT se someti\u00f3 a revisi\u00f3n por parte de la Secretar\u00eda de la Funci\u00f3n P\u00fablica, la Auditor\u00eda Superior de la Federaci\u00f3n y el \u00d3rgano de Fiscalizaci\u00f3n Superior de la entidad, y los resultados fueron favorables, porque no se registr\u00f3 ninguna inconsistencia.<\/p>\n<p>El Mtro. Rub\u00e9n Reyes C\u00f3rdoba expres\u00f3 que como resultado de la buena pr\u00e1ctica del quehacer universitario, del equilibrio entre excelencia acad\u00e9mica y una formaci\u00f3n integral con principios \u00e9ticos, sociales y solidarios, la Casa de Estudios recibi\u00f3 el Premio Latin American Quality Awards, otorgado por el Latin American Quality Institute, y el Premio Educa 2015, que entrega la Organizaci\u00f3n Continental de Excelencia Educativa (ORCODEE).<\/p>\n<p>En cuanto a compromisos y retos, estableci\u00f3 los siguientes: mantener la alta calidad y pertinencia de la oferta educativa; fortalecer la investigaci\u00f3n; impulsar el programa Universidad Saludable; y promover que los estudiantes realicen el servicio social y las pr\u00e1cticas profesionales a trav\u00e9s de los distintos programas de Autorrealizaci\u00f3n.<\/p>\n<p>Adem\u00e1s, agreg\u00f3 que se incrementar\u00e1n las alianzas estrat\u00e9gicas con instituciones p\u00fablicas y privadas, nacionales y del extranjero; se impulsar\u00e1, a trav\u00e9s de convenios y actividades acad\u00e9micas, culturales y deportivas la internacionalizaci\u00f3n; acciones de educaci\u00f3n continua para estudiantes, docentes y p\u00fablico en general; la ampliaci\u00f3n de la cobertura de becas para la comunidad estudiantil; la gesti\u00f3n de recursos para la expansi\u00f3n, remodelaci\u00f3n y adecuaci\u00f3n de la infraestructura universitaria, as\u00ed como la incorporaci\u00f3n de nuevos procesos administrativos al Sistema Institucional de Gesti\u00f3n de la Calidad, para transitar la norma ISO 9001 a la versi\u00f3n 2015.<\/p>\n<p>A este importante acto asistieron integrantes de diferentes instituciones de educaci\u00f3n superior como: el Mtro. Humberto Veras Godoy, Rector de la Universidad Aut\u00f3noma del Estado de Hidalgo y presidente del Consorcio de Universidades Mexicanas (CUMex); el Mtro. Carlos Eugenio Ruiz Hern\u00e1ndez, Rector de la Universidad Aut\u00f3noma de Chiapas, el Mtro. Mario Saavedra Garc\u00eda, en representaci\u00f3n del Mtro. Jaime Valls Esponda, Secretario General Ejecutivo de la Asociaci\u00f3n Nacional de Universidades de Instituciones de Educaci\u00f3n Superior (ANUIES).<\/p>\n<p>Adem\u00e1s estuvieron presentes la Ing. Cecilia Ang\u00e9lica Ram\u00edrez Silva, representante del Dr. Jes\u00fas Alejandro Vera Jim\u00e9nez, Rector de la Universidad Aut\u00f3noma de Morelos (UAEM), y Presidente del Consejo Regional Centro Sur de la ANUIES; el Dr. Roberto Hern\u00e1ndez Oramas, Presidente del Consejo para la Acreditaci\u00f3n de Programas Educativos en Humanidades; la Mtra. Alejandra Maciel Gardu\u00f1o, a nombre del Dr. Eduardo Avalos Lira, Presidente del Consejo de Acreditaci\u00f3n en Ciencias Administrativas, Contables y Afines; el Mtro. Carlos Zamora Sotelo, Director General de CONSETI; el Mtro. Jos\u00e9 Esteban Ramos Rivera, Administrador Local del SAT; entre otros invitados especiales.<\/p>\n","protected":false},"excerpt":{"rendered":"<p>\u201cLa m\u00e1xima Casa de Estudios en la entidad ha cumplido cabalmente con su tarea, se ha constituido como el escenario id\u00f3neo donde convergen las diferentes corrientes de pensamiento; es creadora de pol\u00edticas p\u00fablicas y el punto de encuentro natural para la discusi\u00f3n y el an\u00e1lisis de diversas tem\u00e1ticas, asegur\u00f3 el Mtro. Rub\u00e9n Reyes C\u00f3rdoba, Rector de la Universidad Aut\u00f3noma de Tlaxcala (UAT), ante el pleno del Honorable Consejo Universitario, la comunidad estudiantil e invitados especiales al rendir su Segundo Informe de Actividades, correspondiente al periodo 2015\u20132016, en las instalaciones del Centro Cultural Universitario.<br \/>\n Durante sesi\u00f3n p\u00fablica y solemne del m\u00e1ximo \u00f3rgano de gobierno de la Instituci\u00f3n, en el que el Mtro. Reyes C\u00f3rdoba present\u00f3 el estado que guarda la instituci\u00f3n, as\u00ed como los compromisos y retos que se tendr\u00e1n en el 2016, sostuvo que la Aut\u00f3noma de Tlaxcala es un organismo s\u00f3lido, que ha ejercido su autonom\u00eda con responsabilidad, preservando los valores universitarios que le dieron origen y la fundamentan.<\/p>\n","protected":false},"author":2,"featured_media":42546,"comment_status":"open","ping_status":"open","sticky":false,"template":"","format":"standard","meta":{"footnotes":""},"categories":[4],"tags":[],"class_list":["post-42545","post","type-post","status-publish","format-standard","has-post-thumbnail","hentry","category-local"],"_links":{"self":[{"href":"https:\/\/www.contextosdigital.com\/index.php?rest_route=\/wp\/v2\/posts\/42545","targetHints":{"allow":["GET"]}}],"collection":[{"href":"https:\/\/www.contextosdigital.com\/index.php?rest_route=\/wp\/v2\/posts"}],"about":[{"href":"https:\/\/www.contextosdigital.com\/index.php?rest_route=\/wp\/v2\/types\/post"}],"author":[{"embeddable":true,"href":"https:\/\/www.contextosdigital.com\/index.php?rest_route=\/wp\/v2\/users\/2"}],"replies":[{"embeddable":true,"href":"https:\/\/www.contextosdigital.com\/index.php?rest_route=%2Fwp%2Fv2%2Fcomments&post=42545"}],"version-history":[{"count":1,"href":"https:\/\/www.contextosdigital.com\/index.php?rest_route=\/wp\/v2\/posts\/42545\/revisions"}],"predecessor-version":[{"id":42547,"href":"https:\/\/www.contextosdigital.com\/index.php?rest_route=\/wp\/v2\/posts\/42545\/revisions\/42547"}],"wp:featuredmedia":[{"embeddable":true,"href":"https:\/\/www.contextosdigital.com\/index.php?rest_route=\/wp\/v2\/media\/42546"}],"wp:attachment":[{"href":"https:\/\/www.contextosdigital.com\/index.php?rest_route=%2Fwp%2Fv2%2Fmedia&parent=42545"}],"wp:term":[{"taxonomy":"category","embeddable":true,"href":"https:\/\/www.contextosdigital.com\/index.php?rest_route=%2Fwp%2Fv2%2Fcategories&post=42545"},{"taxonomy":"post_tag","embeddable":true,"href":"https:\/\/www.contextosdigital.com\/index.php?rest_route=%2Fwp%2Fv2%2Ftags&post=42545"}],"curies":[{"name":"wp","href":"https:\/\/api.w.org\/{rel}","templated":true}]}}