{"id":42529,"date":"2016-03-01T09:43:04","date_gmt":"2016-03-01T14:43:04","guid":{"rendered":"http:\/\/www.contextosdigital.com\/?p=42529"},"modified":"2016-03-01T09:43:04","modified_gmt":"2016-03-01T14:43:04","slug":"proyecta-gobierno-del-estado-construir-un-centro-de-salud-en-apizaco","status":"publish","type":"post","link":"https:\/\/www.contextosdigital.com\/?p=42529","title":{"rendered":"Proyecta Gobierno del Estado construir un centro de salud en Apizaco"},"content":{"rendered":"<p>El Gobierno del Estado, a trav\u00e9s de la Secretar\u00eda de Salud (Sesa), proyecta la construcci\u00f3n de un nuevo Centro de Salud en la ciudad de Apizaco, el cual estar\u00e1 ubicado en la colonia Loma Florida, y beneficiar\u00e1 a la zona sur-este de la ciudad rielera.<\/p>\n<p>Hip\u00f3lito S\u00e1nchez Hern\u00e1ndez, Director de Planeaci\u00f3n de la Sesa explic\u00f3 que la edificaci\u00f3n de este Centro de Salud permitir\u00e1 desahogar el tr\u00e1nsito de pacientes que solicitan el servicio m\u00e9dico en el Centro de Salud Urbano de Apizaco, cuya \u00e1rea de cobertura comprende 42 colonias.<\/p>\n<p>\u201cEl crecimiento poblacional ha originado un incrementado en la demanda de atenci\u00f3n m\u00e9dica complementaria y por consiguiente la saturaci\u00f3n de servicios como archivo cl\u00ednico y farmacia. Por lo tanto, considerando que la colonia Loma Florida es una de las m\u00e1s importantes, se propone el fortalecimiento de los servicios de salud de esta \u00e1rea geogr\u00e1fica, pol\u00edtica y social\u201d, coment\u00f3 el funcionario de Sesa.<\/p>\n<p>La unidad m\u00e9dica contar\u00e1 con los siguientes servicios: cuatro consultorios de medicina general, un consultorio dental, sala de expulsi\u00f3n, \u00e1rea de observaci\u00f3n, trabajo de enfermeras, farmacia, ba\u00f1os para personal, bodega, residencia m\u00e9dica para enfermer\u00eda y m\u00e9dicos, \u00e1rea de curaciones e inmunizaciones, cocina y patio de servicio, sala de usos m\u00faltiples, isla de sanitarios p\u00fablicos hombres-mujeres y sala de espera.<\/p>\n<p>El Centro de Salud ser\u00e1 financiado con recursos del Programa Anexo IV 2014 del Seguro Popular, y la inversi\u00f3n total contempla un monto de seis millones 800 mil pesos. De esta cantidad, cinco millones 500 mil pesos corresponde a la obra y un mill\u00f3n 300 mil pesos para equipo y mobiliaria m\u00e9dico.<\/p>\n","protected":false},"excerpt":{"rendered":"<p>El Gobierno del Estado, a trav\u00e9s de la Secretar\u00eda de Salud (Sesa), proyecta la construcci\u00f3n de un nuevo Centro de Salud en la ciudad de Apizaco, el cual estar\u00e1 ubicado en la colonia Loma Florida, y beneficiar\u00e1 a la zona sur-este de la ciudad rielera.<br \/>\n Hip\u00f3lito S\u00e1nchez Hern\u00e1ndez, Director de Planeaci\u00f3n de la Sesa explic\u00f3 que la edificaci\u00f3n de este Centro de Salud permitir\u00e1 desahogar el tr\u00e1nsito de pacientes que solicitan el servicio m\u00e9dico en el Centro de Salud Urbano de Apizaco, cuya \u00e1rea de cobertura comprende 42 colonias.<\/p>\n","protected":false},"author":2,"featured_media":0,"comment_status":"open","ping_status":"open","sticky":false,"template":"","format":"standard","meta":{"footnotes":""},"categories":[4],"tags":[],"class_list":["post-42529","post","type-post","status-publish","format-standard","hentry","category-local"],"_links":{"self":[{"href":"https:\/\/www.contextosdigital.com\/index.php?rest_route=\/wp\/v2\/posts\/42529","targetHints":{"allow":["GET"]}}],"collection":[{"href":"https:\/\/www.contextosdigital.com\/index.php?rest_route=\/wp\/v2\/posts"}],"about":[{"href":"https:\/\/www.contextosdigital.com\/index.php?rest_route=\/wp\/v2\/types\/post"}],"author":[{"embeddable":true,"href":"https:\/\/www.contextosdigital.com\/index.php?rest_route=\/wp\/v2\/users\/2"}],"replies":[{"embeddable":true,"href":"https:\/\/www.contextosdigital.com\/index.php?rest_route=%2Fwp%2Fv2%2Fcomments&post=42529"}],"version-history":[{"count":1,"href":"https:\/\/www.contextosdigital.com\/index.php?rest_route=\/wp\/v2\/posts\/42529\/revisions"}],"predecessor-version":[{"id":42530,"href":"https:\/\/www.contextosdigital.com\/index.php?rest_route=\/wp\/v2\/posts\/42529\/revisions\/42530"}],"wp:attachment":[{"href":"https:\/\/www.contextosdigital.com\/index.php?rest_route=%2Fwp%2Fv2%2Fmedia&parent=42529"}],"wp:term":[{"taxonomy":"category","embeddable":true,"href":"https:\/\/www.contextosdigital.com\/index.php?rest_route=%2Fwp%2Fv2%2Fcategories&post=42529"},{"taxonomy":"post_tag","embeddable":true,"href":"https:\/\/www.contextosdigital.com\/index.php?rest_route=%2Fwp%2Fv2%2Ftags&post=42529"}],"curies":[{"name":"wp","href":"https:\/\/api.w.org\/{rel}","templated":true}]}}