{"id":42526,"date":"2016-03-01T09:42:12","date_gmt":"2016-03-01T14:42:12","guid":{"rendered":"http:\/\/www.contextosdigital.com\/?p=42526"},"modified":"2016-03-01T09:42:12","modified_gmt":"2016-03-01T14:42:12","slug":"triunfa-en-harvard-colectivo-de-ninas-fotografas-de-san-pablo-del-monte","status":"publish","type":"post","link":"https:\/\/www.contextosdigital.com\/?p=42526","title":{"rendered":"Triunfa en Harvard colectivo de ni\u00f1as fot\u00f3grafas de San Pablo del Monte"},"content":{"rendered":"<p>Con gran \u00e9xito, el Colectivo Comunitario de Fotograf\u00eda de San Pablo del Monte, integrado por menores de este municipio, present\u00f3 su exposici\u00f3n fotogr\u00e1fica en la Universidad de Harvard, en Estados Unidos, que fue admirada por la comunidad acad\u00e9mica, lo que representa un gran logro para esta estrategia impulsada por el Gobierno que encabeza Mariano Gonz\u00e1lez Zarur y la Secretar\u00eda de Cultura federal.<\/p>\n<p>Esta exposici\u00f3n, que est\u00e1 compuesta de 52 im\u00e1genes, muestra la vida cotidiana y el entorno de San Pablo del Monte desde la visi\u00f3n de las ni\u00f1as y adolescentes fot\u00f3grafas.<\/p>\n<p>Se instal\u00f3 en esta universidad desde el pasado 14 de febrero y la inauguraci\u00f3n oficial tuvo lugar el 25 de este mismo mes, donde estuvieron presentes las integrantes del colectivo, para quienes esta oportunidad de presentar su trabajo fuera de su Estado y del pa\u00eds represent\u00f3 una experiencia \u00fanica.<\/p>\n<p>En el marco de esta inauguraci\u00f3n se llev\u00f3 a cabo la conferencia \u201cM\u00e9xico en el Siglo XXI\u201d,\u00a0 a cargo del periodista Pedro Ferriz de Con, as\u00ed como el panel \u00abArte y cultura como herramientas de cambio social\u00bb, en el que participaron las renombradas profesoras de Harvard: Doris Sommer y Ana Mar\u00eda Reyes, as\u00ed como la C\u00f3nsul de M\u00e9xico en Boston, Graciela G\u00f3mez.<\/p>\n<p>En este panel, las participantes abordaron la importancia y el impacto del programa \u00abM\u00e9xico, cultura para la armon\u00eda\u00bb, que opera la Secretar\u00eda de Cultura del Gobierno de la Rep\u00fablica y del cual forma parte el Colectivo Comunitario de Fotograf\u00eda de San Pablo del Monte.<\/p>\n<p>Durante su intervenci\u00f3n, la C\u00f3nsul mexicana destac\u00f3 el compromiso del Gobernador Mariano Gonz\u00e1lez Zarur, quien a trav\u00e9s del respaldo a este tipo de programas coadyuva a que los j\u00f3venes descubran y desarrollen su vocaci\u00f3n art\u00edstica y, al mismo tiempo, construyan en entorno social m\u00e1s armonioso.<\/p>\n<p>El programa \u00abM\u00e9xico, cultura para la armon\u00eda\u00bb ha conformado m\u00e1s de 20 colectivos art\u00edsticos en diversos estados de la Rep\u00fablica Mexicana; sin embargo, el de San Pablo del Monte es el primero en internacionalizarse y el primero en exponer en una sede acad\u00e9mica tan prestigiada mundialmente\u00a0 como la Universidad de Harvard.<\/p>\n<p>Dado el enorme \u00e9xito obtenido, la obra art\u00edstica de las menores tlaxcaltecas continuar\u00e1 expuesta en los Estados Unidos, pues la Secretar\u00eda de Relaciones Exteriores, a trav\u00e9s del Instituto de los Mexicanos en el Exterior y del Consulado de M\u00e9xico en Boston, prepara una agenda de exposiciones en diversas sedes en Estados Unidos, con lo que se dar\u00e1\u00a0 a\u00fan m\u00e1s difusi\u00f3n de la historia cultura, tradici\u00f3n y costumbres de Tlaxcala.<\/p>\n<p>Con lo anterior, el Gobierno de Mariano Gonz\u00e1lez sent\u00f3 las bases de una nueva pol\u00edtica para la internacionalizaci\u00f3n de los talentos tlaxcaltecas al abrir espacios m\u00e1s all\u00e1 de las fronteras nacionales.<\/p>\n","protected":false},"excerpt":{"rendered":"<p>Con gran \u00e9xito, el Colectivo Comunitario de Fotograf\u00eda de San Pablo del Monte, integrado por menores de este municipio, present\u00f3 su exposici\u00f3n fotogr\u00e1fica en la Universidad de Harvard, en Estados Unidos, que fue admirada por la comunidad acad\u00e9mica, lo que representa un gran logro para esta estrategia impulsada por el Gobierno que encabeza Mariano Gonz\u00e1lez Zarur y la Secretar\u00eda de Cultura federal.<br \/>\n Esta exposici\u00f3n, que est\u00e1 compuesta de 52 im\u00e1genes, muestra la vida cotidiana y el entorno de San Pablo del Monte desde la visi\u00f3n de las ni\u00f1as y adolescentes fot\u00f3grafas.<br \/>\n Se instal\u00f3 en esta universidad desde el pasado 14 de febrero y la inauguraci\u00f3n oficial tuvo lugar el 25 de este mismo mes, donde estuvieron presentes las integrantes del colectivo<\/p>\n","protected":false},"author":2,"featured_media":42527,"comment_status":"open","ping_status":"open","sticky":false,"template":"","format":"standard","meta":{"footnotes":""},"categories":[4],"tags":[],"class_list":["post-42526","post","type-post","status-publish","format-standard","has-post-thumbnail","hentry","category-local"],"_links":{"self":[{"href":"https:\/\/www.contextosdigital.com\/index.php?rest_route=\/wp\/v2\/posts\/42526","targetHints":{"allow":["GET"]}}],"collection":[{"href":"https:\/\/www.contextosdigital.com\/index.php?rest_route=\/wp\/v2\/posts"}],"about":[{"href":"https:\/\/www.contextosdigital.com\/index.php?rest_route=\/wp\/v2\/types\/post"}],"author":[{"embeddable":true,"href":"https:\/\/www.contextosdigital.com\/index.php?rest_route=\/wp\/v2\/users\/2"}],"replies":[{"embeddable":true,"href":"https:\/\/www.contextosdigital.com\/index.php?rest_route=%2Fwp%2Fv2%2Fcomments&post=42526"}],"version-history":[{"count":1,"href":"https:\/\/www.contextosdigital.com\/index.php?rest_route=\/wp\/v2\/posts\/42526\/revisions"}],"predecessor-version":[{"id":42528,"href":"https:\/\/www.contextosdigital.com\/index.php?rest_route=\/wp\/v2\/posts\/42526\/revisions\/42528"}],"wp:featuredmedia":[{"embeddable":true,"href":"https:\/\/www.contextosdigital.com\/index.php?rest_route=\/wp\/v2\/media\/42527"}],"wp:attachment":[{"href":"https:\/\/www.contextosdigital.com\/index.php?rest_route=%2Fwp%2Fv2%2Fmedia&parent=42526"}],"wp:term":[{"taxonomy":"category","embeddable":true,"href":"https:\/\/www.contextosdigital.com\/index.php?rest_route=%2Fwp%2Fv2%2Fcategories&post=42526"},{"taxonomy":"post_tag","embeddable":true,"href":"https:\/\/www.contextosdigital.com\/index.php?rest_route=%2Fwp%2Fv2%2Ftags&post=42526"}],"curies":[{"name":"wp","href":"https:\/\/api.w.org\/{rel}","templated":true}]}}