{"id":42517,"date":"2016-03-01T09:37:38","date_gmt":"2016-03-01T14:37:38","guid":{"rendered":"http:\/\/www.contextosdigital.com\/?p=42517"},"modified":"2016-03-01T09:37:38","modified_gmt":"2016-03-01T14:37:38","slug":"capacita-proteccion-civil-del-ayuntamiento-de-tlaxcala-a-personal-de-jardin-de-ninos","status":"publish","type":"post","link":"https:\/\/www.contextosdigital.com\/?p=42517","title":{"rendered":"Capacita Protecci\u00f3n Civil del Ayuntamiento de Tlaxcala a personal de jard\u00edn de ni\u00f1os"},"content":{"rendered":"<p>Con el prop\u00f3sito de actuar de manera adecuada ante una contingencia y salvaguardar la vida de infantes, el Ayuntamiento de Tlaxcala, a trav\u00e9s del \u00e1rea de Protecci\u00f3n Civil, capacita al cuerpo docente y a las brigadas de diferentes instituciones educativas p\u00fablicas y privadas de la ciudad.<\/p>\n<p>Edgar Llerena Arroyo, titular del \u00e1rea afirm\u00f3 que la prevenci\u00f3n es una tarea que concierne a sociedad y gobierno y las instituciones educativas son espacios prioritarios para formar e inculcar conceptos inherentes al autocuidado individual y colectivo.<\/p>\n<p>Expuso que recientemente se capacit\u00f3 a la brigada del Jard\u00edn de Ni\u00f1os \u201cJaime Torres Bodet\u201d, ubicada en la comunidad de San Sebasti\u00e1n Atlahapa, los cuales se especializaron en tem\u00e1ticas como: manejo de extintores, primeros auxilios, simulacros ante diferentes tipos de eventualidades, b\u00fasqueda de rescate, entre otros temas.<\/p>\n<p>\u201cNuestra meta es que los ni\u00f1os acudan a instituciones en las cuales sus maestros sepan qu\u00e9 hacer en caso de alguna contingencia, ellos son lo m\u00e1s importante y por ello tenemos instrucciones del presidente municipal Adolfo Escobar Jard\u00ednez de poner en marcha todos los protocolos correspondientes para resguardar de su seguridad\u201d, detall\u00f3.<\/p>\n<p>La instrucci\u00f3n dijo fue impartida por personal especializado de la dependencia municipal para que enfrenten cualquier tipo de eventualidades con profesionalismo y responsabilidad.<\/p>\n","protected":false},"excerpt":{"rendered":"<p>Con el prop\u00f3sito de actuar de manera adecuada ante una contingencia y salvaguardar la vida de infantes, el Ayuntamiento de Tlaxcala, a trav\u00e9s del \u00e1rea de Protecci\u00f3n Civil, capacita al cuerpo docente y a las brigadas de diferentes instituciones educativas p\u00fablicas y privadas de la ciudad.<br \/>\nEdgar Llerena Arroyo, titular del \u00e1rea afirm\u00f3 que la prevenci\u00f3n es una tarea que concierne a sociedad y gobierno y las instituciones educativas son espacios prioritarios para formar e inculcar conceptos inherentes al autocuidado individual y colectivo.<\/p>\n","protected":false},"author":2,"featured_media":42518,"comment_status":"open","ping_status":"open","sticky":false,"template":"","format":"standard","meta":{"footnotes":""},"categories":[4],"tags":[],"class_list":["post-42517","post","type-post","status-publish","format-standard","has-post-thumbnail","hentry","category-local"],"_links":{"self":[{"href":"https:\/\/www.contextosdigital.com\/index.php?rest_route=\/wp\/v2\/posts\/42517","targetHints":{"allow":["GET"]}}],"collection":[{"href":"https:\/\/www.contextosdigital.com\/index.php?rest_route=\/wp\/v2\/posts"}],"about":[{"href":"https:\/\/www.contextosdigital.com\/index.php?rest_route=\/wp\/v2\/types\/post"}],"author":[{"embeddable":true,"href":"https:\/\/www.contextosdigital.com\/index.php?rest_route=\/wp\/v2\/users\/2"}],"replies":[{"embeddable":true,"href":"https:\/\/www.contextosdigital.com\/index.php?rest_route=%2Fwp%2Fv2%2Fcomments&post=42517"}],"version-history":[{"count":1,"href":"https:\/\/www.contextosdigital.com\/index.php?rest_route=\/wp\/v2\/posts\/42517\/revisions"}],"predecessor-version":[{"id":42519,"href":"https:\/\/www.contextosdigital.com\/index.php?rest_route=\/wp\/v2\/posts\/42517\/revisions\/42519"}],"wp:featuredmedia":[{"embeddable":true,"href":"https:\/\/www.contextosdigital.com\/index.php?rest_route=\/wp\/v2\/media\/42518"}],"wp:attachment":[{"href":"https:\/\/www.contextosdigital.com\/index.php?rest_route=%2Fwp%2Fv2%2Fmedia&parent=42517"}],"wp:term":[{"taxonomy":"category","embeddable":true,"href":"https:\/\/www.contextosdigital.com\/index.php?rest_route=%2Fwp%2Fv2%2Fcategories&post=42517"},{"taxonomy":"post_tag","embeddable":true,"href":"https:\/\/www.contextosdigital.com\/index.php?rest_route=%2Fwp%2Fv2%2Ftags&post=42517"}],"curies":[{"name":"wp","href":"https:\/\/api.w.org\/{rel}","templated":true}]}}