{"id":42514,"date":"2016-03-01T09:36:16","date_gmt":"2016-03-01T14:36:16","guid":{"rendered":"http:\/\/www.contextosdigital.com\/?p=42514"},"modified":"2016-03-01T09:36:16","modified_gmt":"2016-03-01T14:36:16","slug":"despliegan-operativo-en-chiautempan-para-localizar-a-menor-extraviado","status":"publish","type":"post","link":"https:\/\/www.contextosdigital.com\/?p=42514","title":{"rendered":"Despliegan operativo en Chiautempan para localizar a menor extraviado."},"content":{"rendered":"<p>Como parte de las actividades que realiza el cuerpo de seguridad municipal del ayuntamiento de Chiautempan, que es encabezado por el alcalde Antonio Mendoza Romero, el pasado jueves 25 de febrero, despleg\u00f3 un operativo para localizar a un menor reportado extraviado en la zona centro del municipio, de sexo masculino de 13 a\u00f1os de edad, quien padece de facultades mentales y vest\u00eda su\u00e9ter azul rey, pantal\u00f3n de mezclilla y tenis de tela azul.<\/p>\n<p>As\u00ed lo inform\u00f3 el comandante y director de dicha \u00e1rea, Gonzalo Mart\u00ednez Caricio, quien adem\u00e1s abund\u00f3 que gracias a la pronta respuesta de los elementos de seguridad, a los pocos minutos localizaron al menor que reun\u00eda todas las caracter\u00edsticas descritas en los l\u00edmites de la Colonia El Alto y Tlacomulco, por lo que se procedi\u00f3 con su traslado a las instalaciones de la direcci\u00f3n de seguridad municipal, donde lo esperaba quien se acredit\u00f3 como su madre.<\/p>\n<p>Durante la custodia el menor manifest\u00f3 que sufr\u00eda agresi\u00f3n f\u00edsica costante por parte de la pareja de su madre, por lo que se procedi\u00f3 a elaborar un certificado de integridad f\u00edsica al menor por parte de la m\u00e9dico de guardia en turno, quien inform\u00f3 que se presentaron lesiones de tipo contuso en regi\u00f3n dorsal ya de d\u00edas de evoluci\u00f3n, as\u00ed como lesi\u00f3n hiper\u00e9mica en pantorrilla derecha y en brazo derecho, adem\u00e1s de un desaseo de muchos d\u00edas de evoluci\u00f3n.<\/p>\n<p>Mart\u00ednez Caricio mencion\u00f3 que tal situaci\u00f3n se hizo de conocimiento al DIF municipal, arribando la directora de dicha instituci\u00f3n Olivia Rosete Rosete, acompa\u00f1ada del jur\u00eddico del SMDIF Chiautempan, quienes dialogaron con la madre del menor haciendo de su conocimiento los derechos que tiene el menor de acuerdo a la \u201cLey de los Derechos de los Ni\u00f1os, las Ni\u00f1as y los Adolescentes\u201d,\u00a0 de lo cual se compromete a ya no maltratar a su hijo y a ponerle la atenci\u00f3n necesaria.<\/p>\n<p>Por su parte Rosete Rosete mencion\u00f3 que la madre se comprometi\u00f3 a recibir el apoyo que le brindar\u00e1 el DIF municipal a trav\u00e9s del \u00e1rea de \u201cPersonas con discapacidad y adultos mayores\u201d acudiendo con el menor a las instalaciones de dicha direcci\u00f3n para realizar los tr\u00e1mites legales correspondientes.<\/p>\n","protected":false},"excerpt":{"rendered":"<p>Como parte de las actividades que realiza el cuerpo de seguridad municipal del ayuntamiento de Chiautempan, que es encabezado por el alcalde Antonio Mendoza Romero, el pasado jueves 25 de febrero, despleg\u00f3 un operativo para localizar a un menor reportado extraviado en la zona centro del municipio, de sexo masculino de 13 a\u00f1os de edad, quien padece de facultades mentales y vest\u00eda su\u00e9ter azul rey, pantal\u00f3n de mezclilla y tenis de tela azul.<br \/>\nAs\u00ed lo inform\u00f3 el comandante y director de dicha \u00e1rea, Gonzalo Mart\u00ednez Caricio, quien adem\u00e1s abund\u00f3 que gracias a la pronta respuesta de los elementos de seguridad, a los pocos minutos localizaron al menor que reun\u00eda todas las caracter\u00edsticas descritas en los l\u00edmites de la Colonia El Alto y Tlacomulco<\/p>\n","protected":false},"author":2,"featured_media":42515,"comment_status":"open","ping_status":"open","sticky":false,"template":"","format":"standard","meta":{"footnotes":""},"categories":[4],"tags":[],"class_list":["post-42514","post","type-post","status-publish","format-standard","has-post-thumbnail","hentry","category-local"],"_links":{"self":[{"href":"https:\/\/www.contextosdigital.com\/index.php?rest_route=\/wp\/v2\/posts\/42514","targetHints":{"allow":["GET"]}}],"collection":[{"href":"https:\/\/www.contextosdigital.com\/index.php?rest_route=\/wp\/v2\/posts"}],"about":[{"href":"https:\/\/www.contextosdigital.com\/index.php?rest_route=\/wp\/v2\/types\/post"}],"author":[{"embeddable":true,"href":"https:\/\/www.contextosdigital.com\/index.php?rest_route=\/wp\/v2\/users\/2"}],"replies":[{"embeddable":true,"href":"https:\/\/www.contextosdigital.com\/index.php?rest_route=%2Fwp%2Fv2%2Fcomments&post=42514"}],"version-history":[{"count":1,"href":"https:\/\/www.contextosdigital.com\/index.php?rest_route=\/wp\/v2\/posts\/42514\/revisions"}],"predecessor-version":[{"id":42516,"href":"https:\/\/www.contextosdigital.com\/index.php?rest_route=\/wp\/v2\/posts\/42514\/revisions\/42516"}],"wp:featuredmedia":[{"embeddable":true,"href":"https:\/\/www.contextosdigital.com\/index.php?rest_route=\/wp\/v2\/media\/42515"}],"wp:attachment":[{"href":"https:\/\/www.contextosdigital.com\/index.php?rest_route=%2Fwp%2Fv2%2Fmedia&parent=42514"}],"wp:term":[{"taxonomy":"category","embeddable":true,"href":"https:\/\/www.contextosdigital.com\/index.php?rest_route=%2Fwp%2Fv2%2Fcategories&post=42514"},{"taxonomy":"post_tag","embeddable":true,"href":"https:\/\/www.contextosdigital.com\/index.php?rest_route=%2Fwp%2Fv2%2Ftags&post=42514"}],"curies":[{"name":"wp","href":"https:\/\/api.w.org\/{rel}","templated":true}]}}