{"id":42511,"date":"2016-02-29T09:59:02","date_gmt":"2016-02-29T14:59:02","guid":{"rendered":"http:\/\/www.contextosdigital.com\/?p=42511"},"modified":"2016-02-29T09:59:02","modified_gmt":"2016-02-29T14:59:02","slug":"trabajo-honesto-y-eficaz-del-gobierno-del-estado-cambio-la-realidad-de-tlaxcala-mgz","status":"publish","type":"post","link":"https:\/\/www.contextosdigital.com\/?p=42511","title":{"rendered":"Trabajo honesto y eficaz  del Gobierno del Estado cambi\u00f3 la realidad de Tlaxcala: MGZ"},"content":{"rendered":"<p>El trabajo honesto y eficaz del\u00a0 Gobierno del Estado propicia que hoy Tlaxcala viva una realidad diferente a la de hace cinco a\u00f1os, asever\u00f3 el Mandatario, Mariano Gonz\u00e1lez Zarur, ante pobladores de Teolocholco, municipio donde realiz\u00f3 una gira de trabajo para entregar diversas obras de beneficio social, en materia de vivienda, campo y educaci\u00f3n.<\/p>\n<p>Durante este recorrido, en el que estuvo acompa\u00f1ado por la Presidente Honor\u00edfica del Sistema Estatal para el Desarrollo Integral de la Familia (DIF), Mariana Gonz\u00e1lez Foullon, el Gobernador asever\u00f3 que actualmente las estad\u00edsticas reflejan c\u00f3mo la carencia y la necesidad se han transformado en desarrollo.<\/p>\n<p>\u201cEn estos cinco a\u00f1os se ha trabajado con honestidad, con transparencia, pero sobre todo hemos sido eficaces y eficientes, con el simple objetivo de tener un Estado m\u00e1s pr\u00f3spero, m\u00e1s equitativo, m\u00e1s justo. Vamos por buen camino y seguiremos trabajando con los municipios para afianzar un desarrollo incluyente, equitativo e integral\u201d, recalc\u00f3 el Jefe del Ejecutivo.<\/p>\n<p>A lo largo de su visita por Teolocholco, Gonz\u00e1lez Zarur inaugur\u00f3 diversas obras en materia de vivienda, educaci\u00f3n y servicios b\u00e1sicos, adem\u00e1s supervis\u00f3 la entrega de apoyos a los hombres y mujeres dedicados a las actividades agropecuarias.<\/p>\n<p>De entrada, el Mandatario visit\u00f3 los hogares de Petra Tlachi Rodr\u00edguez y Amelia Hern\u00e1ndez Fern\u00e1ndez, beneficiarias del programa \u201cFirmeza por una Vivienda Digna\u201d en su modalidad de pisos y techos firmes, estrategia que tan solo en Teolocholco contempl\u00f3 248 acciones, de 2011 a 2015, y una inversi\u00f3n de 1.5 millones de pesos.<\/p>\n<p>En materia de educaci\u00f3n, el Jefe del Ejecutivo\u00a0 inaugur\u00f3\u00a0 las obras de m\u00f3dulo sanitario y comedor de la primaria \u201cMiguel Hidalgo\u201d, la construcci\u00f3n de barda y reja en acceso del jard\u00edn de ni\u00f1os \u201cMelchor Ocampo\u201d, as\u00ed como la rehabilitaci\u00f3n del preescolar \u201cNi\u00f1os H\u00e9roes\u201d en la comunidad de Acxotla, que atiende a 120 menores.<\/p>\n<p>Tales obras\u00a0 estuvieron a cargo del Instituto Tlaxcalteca de Infraestructura F\u00edsica Educativa (Itife),\u00a0 las cuales tuvieron una inversi\u00f3n total de alrededor de 1.9 millones de pesos.<\/p>\n<p>Al respecto, Jefe del Ejecutivo Estatal, destac\u00f3 que la educaci\u00f3n, desde los primeros a\u00f1os, resulta fundamental para el desarrollo pleno de los infantes, por lo que su Gobierno ha puesto especial inter\u00e9s en ampliar la cobertura de la educaci\u00f3n inicial, as\u00ed como difundir sus beneficios, de tal forma que actualmente en la entidad existen 25 Centros de Asistencia Infantiles Comunitarios, que atienden a ni\u00f1as y ni\u00f1os, de dos a cinco a\u00f1os de edad, con programas acreditados por la Secretar\u00eda de Educaci\u00f3n P\u00fablica (SEP).<\/p>\n<p>\u201cQueremos que las nuevas generaciones tengan m\u00e1s oportunidades de desarrollo, conservando su identidad cultural, su ra\u00edz, su raigambre y puedan alcanzar un mejor nivel de vida\u201d,\u00a0 apunt\u00f3 el Mandatario.<\/p>\n<p>En el rubro agropecuario, el Gobernador entreg\u00f3 herramienta y equipo tecnol\u00f3gico -como tractores, sembradoras y motocultores- a hombres y mujeres dedicados a las actividades del campo, y que son suministrados por la Secretar\u00eda de Fomento Agropecuario (Sefoa).<\/p>\n<p>Al respecto, el Gobernador puntualiz\u00f3 que estos apoyos son producto de los programas en concurrencia entre los gobiernos estatal y federal, los cuales permitir\u00e1n beneficiar a los productores de la regi\u00f3n y tecnificar el campo; objetivo que comparten el Mandatario estatal y el Presidente de la Rep\u00fablica, Enrique Pe\u00f1a Nieto.<\/p>\n<p>Con lo que respecta a la autoproducci\u00f3n de vivienda, Gonz\u00e1lez Zarur\u00a0 hizo entrega de\u00a0 casas a Juan Antonio Tecuapacho Severo, de la Tercera Secci\u00f3n de Teolocholco,\u00a0 y Pilar \u00c1guila Espinoza, quien visiblemente emocionada agradeci\u00f3 al Gobernador este apoyo que le permite a ella y a sus hijas y esposo contar con un espacio digno.<\/p>\n<p>En su oportunidad, el alcalde de este municipio, Pedro Tecuapacho Rodr\u00edguez, afirm\u00f3 que con acciones de este tipo, el Gobierno del Mariano Gonz\u00e1lez Zarur contribuye en gran medida a mejorar las condiciones de vida de los pobladores de esta localidad, por lo que agradeci\u00f3 el apoyo, sin distingos, brindados por esta administraci\u00f3n.<\/p>\n<p>En esta gira de trabajo acompa\u00f1aron a Gonz\u00e1lez Zarur funcionarios estatales, servidores p\u00fablicos del municipio, padres de familia y beneficiarios de los diferentes programas en el municipio de Teolocholco.<\/p>\n","protected":false},"excerpt":{"rendered":"<p>El trabajo honesto y eficaz del  Gobierno del Estado propicia que hoy Tlaxcala viva una realidad diferente a la de hace cinco a\u00f1os, asever\u00f3 el Mandatario, Mariano Gonz\u00e1lez Zarur, ante pobladores de Teolocholco, municipio donde realiz\u00f3 una gira de trabajo para entregar diversas obras de beneficio social, en materia de vivienda, campo y educaci\u00f3n.<br \/>\n Durante este recorrido, en el que estuvo acompa\u00f1ado por la Presidente Honor\u00edfica del Sistema Estatal para el Desarrollo Integral de la Familia (DIF), Mariana Gonz\u00e1lez Foullon, el Gobernador asever\u00f3 que actualmente las estad\u00edsticas reflejan c\u00f3mo la carencia y la necesidad se han transformado en desarrollo.<br \/>\n \u201cEn estos cinco a\u00f1os se ha trabajado con honestidad, con transparencia, pero sobre todo hemos sido eficaces y eficientes, con el simple objetivo de tener un Estado m\u00e1s pr\u00f3spero, m\u00e1s equitativo, m\u00e1s justo. Vamos por buen camino y seguiremos trabajando con los municipios para afianzar un desarrollo incluyente, equitativo e integral\u201d, recalc\u00f3 el Jefe del Ejecutivo.<\/p>\n","protected":false},"author":2,"featured_media":42512,"comment_status":"open","ping_status":"open","sticky":false,"template":"","format":"standard","meta":{"footnotes":""},"categories":[4],"tags":[],"class_list":["post-42511","post","type-post","status-publish","format-standard","has-post-thumbnail","hentry","category-local"],"_links":{"self":[{"href":"https:\/\/www.contextosdigital.com\/index.php?rest_route=\/wp\/v2\/posts\/42511","targetHints":{"allow":["GET"]}}],"collection":[{"href":"https:\/\/www.contextosdigital.com\/index.php?rest_route=\/wp\/v2\/posts"}],"about":[{"href":"https:\/\/www.contextosdigital.com\/index.php?rest_route=\/wp\/v2\/types\/post"}],"author":[{"embeddable":true,"href":"https:\/\/www.contextosdigital.com\/index.php?rest_route=\/wp\/v2\/users\/2"}],"replies":[{"embeddable":true,"href":"https:\/\/www.contextosdigital.com\/index.php?rest_route=%2Fwp%2Fv2%2Fcomments&post=42511"}],"version-history":[{"count":1,"href":"https:\/\/www.contextosdigital.com\/index.php?rest_route=\/wp\/v2\/posts\/42511\/revisions"}],"predecessor-version":[{"id":42513,"href":"https:\/\/www.contextosdigital.com\/index.php?rest_route=\/wp\/v2\/posts\/42511\/revisions\/42513"}],"wp:featuredmedia":[{"embeddable":true,"href":"https:\/\/www.contextosdigital.com\/index.php?rest_route=\/wp\/v2\/media\/42512"}],"wp:attachment":[{"href":"https:\/\/www.contextosdigital.com\/index.php?rest_route=%2Fwp%2Fv2%2Fmedia&parent=42511"}],"wp:term":[{"taxonomy":"category","embeddable":true,"href":"https:\/\/www.contextosdigital.com\/index.php?rest_route=%2Fwp%2Fv2%2Fcategories&post=42511"},{"taxonomy":"post_tag","embeddable":true,"href":"https:\/\/www.contextosdigital.com\/index.php?rest_route=%2Fwp%2Fv2%2Ftags&post=42511"}],"curies":[{"name":"wp","href":"https:\/\/api.w.org\/{rel}","templated":true}]}}