{"id":42505,"date":"2016-02-29T09:56:01","date_gmt":"2016-02-29T14:56:01","guid":{"rendered":"http:\/\/www.contextosdigital.com\/?p=42505"},"modified":"2016-02-29T09:56:01","modified_gmt":"2016-02-29T14:56:01","slug":"ofrece-dif-estatal-capacitacion-a-responsables-de-los-desayunadores-escolares","status":"publish","type":"post","link":"https:\/\/www.contextosdigital.com\/?p=42505","title":{"rendered":"Ofrece DIF estatal capacitaci\u00f3n a responsables de los desayunadores escolares"},"content":{"rendered":"<p>El Sistema Estatal para el Desarrollo Integral de la Familia (DIF) llev\u00f3 a cabo\u00a0 el taller \u201cCapacitaci\u00f3n a Personal de Desayunadores Escolares 2016\u201d, en el que la Presidente Honor\u00edfica, Mariana Gonz\u00e1lez Foullon, refrend\u00f3 el compromiso del Gobierno del Estado por brindar a la poblaci\u00f3n servicios de gran calidad que verdaderamente contribuyan a elevar su calidad de vida, como es el caso de este tipo de espacios en las instituciones educativas, donde los menores tienen acceso a una adecuada alimentaci\u00f3n.<\/p>\n<p>En su mensaje, Gonz\u00e1lez Foullon enfatiz\u00f3 que para el \u00f3ptimo desempe\u00f1o acad\u00e9mico es fundamental que los alumnos tengan una correcta nutrici\u00f3n, es por ello que la instrucci\u00f3n del Gobernador, Mariano Gonz\u00e1lez Zarur, es que los infantes tlaxcaltecas\u00a0 tengan acceso a este derecho fundamental, que es una alimentaci\u00f3n completa.<\/p>\n<p>\u201cEs por ello que el DIF estatal se encarga de la operaci\u00f3n de 430 desayunadores escolares en 58 municipios de la entidad, donde se les proporcionan alimentos de alto valor nutricional a alrededor de 42 mil menores\u201d, explic\u00f3.<\/p>\n<p>Asimismo, la Presidente Honor\u00edfica exhort\u00f3 a los m\u00e1s de 500 asistentes a este taller a que realicen sus actividades en los desayunadores escolares de manera responsable y con dedicaci\u00f3n, y que adem\u00e1s contribuyan a que los infantes adopten h\u00e1bitos alimenticios saludables.<\/p>\n<p>En este evento tambi\u00e9n estuvo presente el secretario de Salud, Alejandro Guarneros Chumacero, quien recalc\u00f3 que el Gobierno del Estado ejecuta diversas l\u00edneas de acci\u00f3n para erradicar los principales\u00a0 problemas de alimentaci\u00f3n\u00a0 en la comunidad infantil, como es el caso de la obesidad y mala nutrici\u00f3n.<\/p>\n<p>El funcionario reconoci\u00f3 el trabajo que realiza el DIF estatal en esta encomienda y ratific\u00f3 el apoyo que otorga la Sesa para alcanzar los objetivos plasmados por Gonz\u00e1lez Zarur.<\/p>\n<p>Cabe destacar que en este taller se abordaron diversas tem\u00e1ticas, como: \u201cEl Plato del Buen Comer\u201d, \u201cValor Nutrimental del Amaranto, Soya y Avena y sus beneficios en la etapa de la Ni\u00f1ez\u201d, \u201cBuenas Pr\u00e1cticas de Higiene e Inocuidad de los Alimentos\u201d, \u201cHidrataci\u00f3n de Leche en Polvo en los Desayunadores Escolares\u201d, a cargo de especialistas del DIF, as\u00ed como de personal del Instituto Tecnol\u00f3gico del Altiplano (Itat).<\/p>\n<p>Adem\u00e1s, la Sesa otorg\u00f3 capacitaci\u00f3n en materia de primeros auxilios, a fin de que el personal de los desayunadores escolares pueda responder oportunamente a los infantes\u00a0 ante alguna emergencia.<\/p>\n<p>En el evento estuvieron presentes los secretarios de\u00a0 Educaci\u00f3n P\u00fablica del Estado,\u00a0 Tom\u00e1s Munive Osorno, y de\u00a0 Planeaci\u00f3n y Finanzas Jorge Vald\u00e9s Aguilera.<\/p>\n","protected":false},"excerpt":{"rendered":"<p>El Sistema Estatal para el Desarrollo Integral de la Familia (DIF) llev\u00f3 a cabo  el taller \u201cCapacitaci\u00f3n a Personal de Desayunadores Escolares 2016\u201d, en el que la Presidente Honor\u00edfica, Mariana Gonz\u00e1lez Foullon, refrend\u00f3 el compromiso del Gobierno del Estado por brindar a la poblaci\u00f3n servicios de gran calidad que verdaderamente contribuyan a elevar su calidad de vida, como es el caso de este tipo de espacios en las instituciones educativas, donde los menores tienen acceso a una adecuada alimentaci\u00f3n.<br \/>\nEn su mensaje, Gonz\u00e1lez Foullon enfatiz\u00f3 que para el \u00f3ptimo desempe\u00f1o acad\u00e9mico es fundamental que los alumnos tengan una correcta nutrici\u00f3n, es por ello que la instrucci\u00f3n del Gobernador, Mariano Gonz\u00e1lez Zarur, es que los infantes tlaxcaltecas  tengan acceso a este derecho fundamental, que es una alimentaci\u00f3n completa.<\/p>\n","protected":false},"author":2,"featured_media":42506,"comment_status":"open","ping_status":"open","sticky":false,"template":"","format":"standard","meta":{"footnotes":""},"categories":[4],"tags":[],"class_list":["post-42505","post","type-post","status-publish","format-standard","has-post-thumbnail","hentry","category-local"],"_links":{"self":[{"href":"https:\/\/www.contextosdigital.com\/index.php?rest_route=\/wp\/v2\/posts\/42505","targetHints":{"allow":["GET"]}}],"collection":[{"href":"https:\/\/www.contextosdigital.com\/index.php?rest_route=\/wp\/v2\/posts"}],"about":[{"href":"https:\/\/www.contextosdigital.com\/index.php?rest_route=\/wp\/v2\/types\/post"}],"author":[{"embeddable":true,"href":"https:\/\/www.contextosdigital.com\/index.php?rest_route=\/wp\/v2\/users\/2"}],"replies":[{"embeddable":true,"href":"https:\/\/www.contextosdigital.com\/index.php?rest_route=%2Fwp%2Fv2%2Fcomments&post=42505"}],"version-history":[{"count":1,"href":"https:\/\/www.contextosdigital.com\/index.php?rest_route=\/wp\/v2\/posts\/42505\/revisions"}],"predecessor-version":[{"id":42507,"href":"https:\/\/www.contextosdigital.com\/index.php?rest_route=\/wp\/v2\/posts\/42505\/revisions\/42507"}],"wp:featuredmedia":[{"embeddable":true,"href":"https:\/\/www.contextosdigital.com\/index.php?rest_route=\/wp\/v2\/media\/42506"}],"wp:attachment":[{"href":"https:\/\/www.contextosdigital.com\/index.php?rest_route=%2Fwp%2Fv2%2Fmedia&parent=42505"}],"wp:term":[{"taxonomy":"category","embeddable":true,"href":"https:\/\/www.contextosdigital.com\/index.php?rest_route=%2Fwp%2Fv2%2Fcategories&post=42505"},{"taxonomy":"post_tag","embeddable":true,"href":"https:\/\/www.contextosdigital.com\/index.php?rest_route=%2Fwp%2Fv2%2Ftags&post=42505"}],"curies":[{"name":"wp","href":"https:\/\/api.w.org\/{rel}","templated":true}]}}