{"id":42502,"date":"2016-02-29T09:53:44","date_gmt":"2016-02-29T14:53:44","guid":{"rendered":"http:\/\/www.contextosdigital.com\/?p=42502"},"modified":"2016-02-29T09:53:44","modified_gmt":"2016-02-29T14:53:44","slug":"entregara-gobierno-del-estado-por-sexto-ano-consecutivo-credenciales-de-descuento-a-universitarios","status":"publish","type":"post","link":"https:\/\/www.contextosdigital.com\/?p=42502","title":{"rendered":"Entregar\u00e1 Gobierno del Estado por sexto a\u00f1o consecutivo credenciales de descuento a universitarios"},"content":{"rendered":"<p>Por sexto a\u00f1o consecutivo, el Gobierno que encabeza Mariano Gonz\u00e1lez Zarur, a trav\u00e9s de la Secretar\u00eda de Comunicaciones y Transportes del Estado (Secte), otorgar\u00e1 credenciales de descuento en el transporte p\u00fablico a universitarios que acuden a instituciones p\u00fablicas de la entidad, y con ello refrenda su compromiso de apoyar la econom\u00eda de las familias tlaxcaltecas.<\/p>\n<p>Este programa de beneficio social enmarcado en el Plan Estatal de Desarrollo 2011-2016, estimula a los alumnos de nivel superior que acuden a escuelas p\u00fablicas para continuar con sus estudios, con lo que se disminuye la deserci\u00f3n y el ausentismo escolar.<\/p>\n<p>Para tal fin, la Secretar\u00eda de Comunicaciones y Transportes ratific\u00f3 este a\u00f1o convenio de colaboraci\u00f3n con las empresas de autobuses:Tlaxcala-Apizaco-Huamantla S.A. de C.V., Flecha Verde San Pablo del Monte- Tlaxcala-Puebla y anexas S. de R.L. de C.V., Puebla-Tlaxcala-Calpulalpan y anexas S.A. de C.V., M\u00e9xico Texcoco S.A. de C.V. y Tepetitla S.A. de C.V.<\/p>\n<p>Estas l\u00edneas de autotransporte est\u00e1n obligadas a hacer efectivo -a estudiantes que exhiban su credencial-, el 50 por ciento de descuento sobre la tarifa autorizada por la Secte, sobre la ruta que especifique dicha credencial.<\/p>\n<p>Este proceso de credencializaci\u00f3n se realiza en dos periodos al a\u00f1o, durante los meses de marzo y septiembre para los j\u00f3venes tlaxcaltecas que radiquen en un municipio distinto a su centro de estudio y que implique un desplazamiento importante dentro del Estado, o bien hacia la capital poblana.<\/p>\n<p>Para contar con esta credencial de descuento, cuya vigencia es de seis meses, los estudiantes deber\u00e1n solicitar una cita v\u00eda telef\u00f3nica a los n\u00fameros 46 5 29 78 y 46 5 29 79\u00a0 en un horario de 8:30 a 14:00 y de 15:00 a 17:00 horas de lunes a viernes, a efecto de que les sea asignado el d\u00eda y horario en que realizar\u00e1 su tr\u00e1mite.<\/p>\n<p>Los requisitos por primera vez y por reposici\u00f3n de credencial son: copia de la p\u00f3liza de inscripci\u00f3n o reinscripci\u00f3n, credencial de elector o identificaci\u00f3n vigente, as\u00ed como solicitud dirigida a la titular de la Secte, Gisela Santacruz Santacruz, que podr\u00e1n descargar en http:\/\/secte.tlaxcala.gob.mx, o bien desde Facebook en Secte Tlaxcala.<\/p>\n<p>En tanto, aquellos que realizar\u00e1n su refrendo de credencial deber\u00e1n presentar: copia de la p\u00f3liza de inscripci\u00f3n o reinscripci\u00f3n, su credencial de descuento actual expedida por la Secte, as\u00ed como su identificaci\u00f3n oficial.<\/p>\n<p>Los tr\u00e1mites se realizan de manera gratuita en un horario de 8:30 a 15:00 horas, de lunes a viernes en calle Hidalgo n\u00famero 17, colonia centro en el municipio de Apetatitl\u00e1n.<\/p>\n<p>Cabe destacar que en caso de que alguna empresa no haga v\u00e1lido el descuento, los estudiantes afectados podr\u00e1n reportarlo a los tel\u00e9fonos 46 5 29 60 extensi\u00f3n\u00a0 3327.<\/p>\n<p>Tambi\u00e9n es importante se\u00f1alar que al estudiante que haga mal uso de la credencial, se le cancelar\u00e1 el beneficio y ser\u00e1 sancionado ante la autoridad correspondiente.<\/p>\n<p>De esta manera, el Gobierno del Estado cumple su compromiso de apoyar la econom\u00eda de los tlaxcaltecas, a fin de que los estudiantes de educaci\u00f3n superior puedan continuar su formaci\u00f3n profesional.<\/p>\n","protected":false},"excerpt":{"rendered":"<p>Por sexto a\u00f1o consecutivo, el Gobierno que encabeza Mariano Gonz\u00e1lez Zarur, a trav\u00e9s de la Secretar\u00eda de Comunicaciones y Transportes del Estado (Secte), otorgar\u00e1 credenciales de descuento en el transporte p\u00fablico a universitarios que acuden a instituciones p\u00fablicas de la entidad, y con ello refrenda su compromiso de apoyar la econom\u00eda de las familias tlaxcaltecas.<br \/>\nEste programa de beneficio social enmarcado en el Plan Estatal de Desarrollo 2011-2016, estimula a los alumnos de nivel superior que acuden a escuelas p\u00fablicas para continuar con sus estudios, con lo que se disminuye la deserci\u00f3n y el ausentismo escolar.<\/p>\n","protected":false},"author":2,"featured_media":42503,"comment_status":"open","ping_status":"open","sticky":false,"template":"","format":"standard","meta":{"footnotes":""},"categories":[4],"tags":[],"class_list":["post-42502","post","type-post","status-publish","format-standard","has-post-thumbnail","hentry","category-local"],"_links":{"self":[{"href":"https:\/\/www.contextosdigital.com\/index.php?rest_route=\/wp\/v2\/posts\/42502","targetHints":{"allow":["GET"]}}],"collection":[{"href":"https:\/\/www.contextosdigital.com\/index.php?rest_route=\/wp\/v2\/posts"}],"about":[{"href":"https:\/\/www.contextosdigital.com\/index.php?rest_route=\/wp\/v2\/types\/post"}],"author":[{"embeddable":true,"href":"https:\/\/www.contextosdigital.com\/index.php?rest_route=\/wp\/v2\/users\/2"}],"replies":[{"embeddable":true,"href":"https:\/\/www.contextosdigital.com\/index.php?rest_route=%2Fwp%2Fv2%2Fcomments&post=42502"}],"version-history":[{"count":1,"href":"https:\/\/www.contextosdigital.com\/index.php?rest_route=\/wp\/v2\/posts\/42502\/revisions"}],"predecessor-version":[{"id":42504,"href":"https:\/\/www.contextosdigital.com\/index.php?rest_route=\/wp\/v2\/posts\/42502\/revisions\/42504"}],"wp:featuredmedia":[{"embeddable":true,"href":"https:\/\/www.contextosdigital.com\/index.php?rest_route=\/wp\/v2\/media\/42503"}],"wp:attachment":[{"href":"https:\/\/www.contextosdigital.com\/index.php?rest_route=%2Fwp%2Fv2%2Fmedia&parent=42502"}],"wp:term":[{"taxonomy":"category","embeddable":true,"href":"https:\/\/www.contextosdigital.com\/index.php?rest_route=%2Fwp%2Fv2%2Fcategories&post=42502"},{"taxonomy":"post_tag","embeddable":true,"href":"https:\/\/www.contextosdigital.com\/index.php?rest_route=%2Fwp%2Fv2%2Ftags&post=42502"}],"curies":[{"name":"wp","href":"https:\/\/api.w.org\/{rel}","templated":true}]}}