{"id":42499,"date":"2016-02-29T09:52:05","date_gmt":"2016-02-29T14:52:05","guid":{"rendered":"http:\/\/www.contextosdigital.com\/?p=42499"},"modified":"2016-02-29T09:52:05","modified_gmt":"2016-02-29T14:52:05","slug":"brindan-ambientes-seguros-en-celebraciones-de-comunidad-en-chiautempan","status":"publish","type":"post","link":"https:\/\/www.contextosdigital.com\/?p=42499","title":{"rendered":"Brindan ambientes seguros en celebraciones de comunidad en Chiautempan."},"content":{"rendered":"<p>Como parte de las actividades que realiza el ayuntamiento de Chiautempan, encabezado por el alcalde Antonio Mendoza Romero, a trav\u00e9s de la direcci\u00f3n de gobernaci\u00f3n, el pasado 22 de febrero, se coordinaron trabajos entre diversas \u00e1reas municipales para ofrecer un ambiente seguro en la celebraci\u00f3n de la comunidad de Chalma.<\/p>\n<p>As\u00ed lo coment\u00f3 Modesta Bello Flores, directora de dicha \u00e1rea, quien adem\u00e1s abund\u00f3 que personal adscrito a esta direcci\u00f3n apoy\u00f3 a la comunidad con diversas actividades que van desde la instalaci\u00f3n de templetes, el acompa\u00f1amiento a algunos presidentes de comunidad y el resguardo de contingentes en el desfile que se realiz\u00f3 a temprana hora del d\u00eda citado en la comunidad de Chalma.<\/p>\n<p>Por otro lado Bello Flores coment\u00f3 que la direcci\u00f3n de gobernaci\u00f3n del ayuntamiento chiautempense participa y colabora de manera constante en eventos similares en toda la demarcaci\u00f3n municipal, con el objetivo de brindar un ambiente seguro para quienes participan, al tiempo que se resguarda y previene alg\u00fan conato de conflicto entre la ciudadan\u00eda.<\/p>\n","protected":false},"excerpt":{"rendered":"<p>Como parte de las actividades que realiza el ayuntamiento de Chiautempan, encabezado por el alcalde Antonio Mendoza Romero, a trav\u00e9s de la direcci\u00f3n de gobernaci\u00f3n, el pasado 22 de febrero, se coordinaron trabajos entre diversas \u00e1reas municipales para ofrecer un ambiente seguro en la celebraci\u00f3n de la comunidad de Chalma.<br \/>\nAs\u00ed lo coment\u00f3 Modesta Bello Flores, directora de dicha \u00e1rea, quien adem\u00e1s abund\u00f3 que personal adscrito a esta direcci\u00f3n apoy\u00f3 a la comunidad con diversas actividades que van desde la instalaci\u00f3n de templetes, el acompa\u00f1amiento a algunos presidentes de comunidad y el resguardo de contingentes en el desfile que se realiz\u00f3 a temprana hora del d\u00eda citado en la comunidad de Chalma.<\/p>\n","protected":false},"author":2,"featured_media":42500,"comment_status":"open","ping_status":"open","sticky":false,"template":"","format":"standard","meta":{"footnotes":""},"categories":[4],"tags":[],"class_list":["post-42499","post","type-post","status-publish","format-standard","has-post-thumbnail","hentry","category-local"],"_links":{"self":[{"href":"https:\/\/www.contextosdigital.com\/index.php?rest_route=\/wp\/v2\/posts\/42499","targetHints":{"allow":["GET"]}}],"collection":[{"href":"https:\/\/www.contextosdigital.com\/index.php?rest_route=\/wp\/v2\/posts"}],"about":[{"href":"https:\/\/www.contextosdigital.com\/index.php?rest_route=\/wp\/v2\/types\/post"}],"author":[{"embeddable":true,"href":"https:\/\/www.contextosdigital.com\/index.php?rest_route=\/wp\/v2\/users\/2"}],"replies":[{"embeddable":true,"href":"https:\/\/www.contextosdigital.com\/index.php?rest_route=%2Fwp%2Fv2%2Fcomments&post=42499"}],"version-history":[{"count":1,"href":"https:\/\/www.contextosdigital.com\/index.php?rest_route=\/wp\/v2\/posts\/42499\/revisions"}],"predecessor-version":[{"id":42501,"href":"https:\/\/www.contextosdigital.com\/index.php?rest_route=\/wp\/v2\/posts\/42499\/revisions\/42501"}],"wp:featuredmedia":[{"embeddable":true,"href":"https:\/\/www.contextosdigital.com\/index.php?rest_route=\/wp\/v2\/media\/42500"}],"wp:attachment":[{"href":"https:\/\/www.contextosdigital.com\/index.php?rest_route=%2Fwp%2Fv2%2Fmedia&parent=42499"}],"wp:term":[{"taxonomy":"category","embeddable":true,"href":"https:\/\/www.contextosdigital.com\/index.php?rest_route=%2Fwp%2Fv2%2Fcategories&post=42499"},{"taxonomy":"post_tag","embeddable":true,"href":"https:\/\/www.contextosdigital.com\/index.php?rest_route=%2Fwp%2Fv2%2Ftags&post=42499"}],"curies":[{"name":"wp","href":"https:\/\/api.w.org\/{rel}","templated":true}]}}